{"id":1194828,"date":"2026-04-29T14:22:24","date_gmt":"2026-04-29T14:22:24","guid":{"rendered":"https:\/\/madeiraisland.news\/?p=1194828"},"modified":"2026-04-29T14:23:42","modified_gmt":"2026-04-29T14:23:42","slug":"ecocentro-movel-da-camara-municipal-do-funchal-em-santo-antonio","status":"publish","type":"post","link":"https:\/\/madeiraisland.news\/?p=1194828","title":{"rendered":"Ecocentro m\u00f3vel da C\u00e2mara Municipal do Funchal, em Santo Ant\u00f3nio"},"content":{"rendered":"<p>O \u201cEco Juntas\u201d da C\u00e2mara Municipal do Funchal, que consiste na disponibiliza\u00e7\u00e3o de um ecocentro m\u00f3vel, nas dez Juntas de Freguesia do concelho, vai estar em Santo Ant\u00f3nio, a partir de amanh\u00e3, 30 de Abril, e at\u00e9 01 de Junho, refere uma nota. Este projecto permite \u00e0 popula\u00e7\u00e3o a deposi\u00e7\u00e3o de pequenos res\u00edduos dom\u00e9sticos perigosos [\u2026]<\/p>\n","protected":false},"excerpt":{"rendered":"<p>O \u201cEco Juntas\u201d da C\u00e2mara Municipal do Funchal, que consiste na disponibiliza\u00e7\u00e3o de um ecocentro m\u00f3vel, nas dez Juntas de &#8230; <\/p>\n<p class=\"read-more-container\"><a title=\"Ecocentro m\u00f3vel da C\u00e2mara Municipal do Funchal, em Santo Ant\u00f3nio\" class=\"read-more button\" href=\"https:\/\/madeiraisland.news\/?p=1194828#more-1194828\" aria-label=\"Read more about Ecocentro m\u00f3vel da C\u00e2mara Municipal do Funchal, em Santo Ant\u00f3nio\">Read more<\/a><\/p>\n","protected":false},"author":258,"featured_media":0,"comment_status":"open","ping_status":"","sticky":false,"template":"","format":"standard","meta":{"footnotes":""},"categories":[19],"tags":[],"class_list":["post-1194828","post","type-post","status-publish","format-standard","hentry","category-madeira-island-news","infinite-scroll-item","masonry-post","generate-columns","tablet-grid-50","mobile-grid-100","grid-parent","grid-33"],"_links":{"self":[{"href":"https:\/\/madeiraisland.news\/index.php?rest_route=\/wp\/v2\/posts\/1194828","targetHints":{"allow":["GET"]}}],"collection":[{"href":"https:\/\/madeiraisland.news\/index.php?rest_route=\/wp\/v2\/posts"}],"about":[{"href":"https:\/\/madeiraisland.news\/index.php?rest_route=\/wp\/v2\/types\/post"}],"author":[{"embeddable":true,"href":"https:\/\/madeiraisland.news\/index.php?rest_route=\/wp\/v2\/users\/258"}],"replies":[{"embeddable":true,"href":"https:\/\/madeiraisland.news\/index.php?rest_route=%2Fwp%2Fv2%2Fcomments&post=1194828"}],"version-history":[{"count":1,"href":"https:\/\/madeiraisland.news\/index.php?rest_route=\/wp\/v2\/posts\/1194828\/revisions"}],"predecessor-version":[{"id":1194829,"href":"https:\/\/madeiraisland.news\/index.php?rest_route=\/wp\/v2\/posts\/1194828\/revisions\/1194829"}],"wp:attachment":[{"href":"https:\/\/madeiraisland.news\/index.php?rest_route=%2Fwp%2Fv2%2Fmedia&parent=1194828"}],"wp:term":[{"taxonomy":"category","embeddable":true,"href":"https:\/\/madeiraisland.news\/index.php?rest_route=%2Fwp%2Fv2%2Fcategories&post=1194828"},{"taxonomy":"post_tag","embeddable":true,"href":"https:\/\/madeiraisland.news\/index.php?rest_route=%2Fwp%2Fv2%2Ftags&post=1194828"}],"curies":[{"name":"wp","href":"https:\/\/api.w.org\/{rel}","templated":true}]}}