{"id":1194826,"date":"2026-04-29T13:48:05","date_gmt":"2026-04-29T13:48:05","guid":{"rendered":"https:\/\/madeiraisland.news\/?p=1194826"},"modified":"2026-04-29T13:51:09","modified_gmt":"2026-04-29T13:51:09","slug":"alegado-homicida-da-matur-detido-apos-alta-medica","status":"publish","type":"post","link":"https:\/\/madeiraisland.news\/?p=1194826","title":{"rendered":"Alegado homicida da Matur detido ap\u00f3s alta m\u00e9dica"},"content":{"rendered":"<p>O alegado autor do homic\u00eddio ocorrido na Matur teve alta m\u00e9dica da Casa de Sa\u00fade S\u00e3o Jo\u00e3o de Deus, onde esteve internado sob acompanhamento especializado e encontra-se detido.\u00a0<br \/>\nO primeiro interrogat\u00f3rio judicial, no qual ser\u00e3o determinadas as medidas de coa\u00e7\u00e3o, dever\u00e1 ocorrer nas pr\u00f3ximas horas ou durante o dia de amanh\u00e3, no Tribunal da Comarca da Madeira.<br \/>\nTal como o DI\u00c1RIO noticiou anteriormente, o homem foi encontrado pela Pol\u00edcia Judici\u00e1ria, a 27 de Mar\u00e7o, na resid\u00eancia onde ter\u00e1 ocorrido o c<\/p>\n","protected":false},"excerpt":{"rendered":"<p>O alegado autor do homic\u00eddio ocorrido na Matur teve alta m\u00e9dica da Casa de Sa\u00fade S\u00e3o Jo\u00e3o de Deus, onde &#8230; <\/p>\n<p class=\"read-more-container\"><a title=\"Alegado homicida da Matur detido ap\u00f3s alta m\u00e9dica\" class=\"read-more button\" href=\"https:\/\/madeiraisland.news\/?p=1194826#more-1194826\" aria-label=\"Read more about Alegado homicida da Matur detido ap\u00f3s alta m\u00e9dica\">Read more<\/a><\/p>\n","protected":false},"author":20,"featured_media":0,"comment_status":"open","ping_status":"","sticky":false,"template":"","format":"standard","meta":{"footnotes":""},"categories":[19],"tags":[],"class_list":["post-1194826","post","type-post","status-publish","format-standard","hentry","category-madeira-island-news","infinite-scroll-item","masonry-post","generate-columns","tablet-grid-50","mobile-grid-100","grid-parent","grid-33"],"_links":{"self":[{"href":"https:\/\/madeiraisland.news\/index.php?rest_route=\/wp\/v2\/posts\/1194826","targetHints":{"allow":["GET"]}}],"collection":[{"href":"https:\/\/madeiraisland.news\/index.php?rest_route=\/wp\/v2\/posts"}],"about":[{"href":"https:\/\/madeiraisland.news\/index.php?rest_route=\/wp\/v2\/types\/post"}],"author":[{"embeddable":true,"href":"https:\/\/madeiraisland.news\/index.php?rest_route=\/wp\/v2\/users\/20"}],"replies":[{"embeddable":true,"href":"https:\/\/madeiraisland.news\/index.php?rest_route=%2Fwp%2Fv2%2Fcomments&post=1194826"}],"version-history":[{"count":1,"href":"https:\/\/madeiraisland.news\/index.php?rest_route=\/wp\/v2\/posts\/1194826\/revisions"}],"predecessor-version":[{"id":1194827,"href":"https:\/\/madeiraisland.news\/index.php?rest_route=\/wp\/v2\/posts\/1194826\/revisions\/1194827"}],"wp:attachment":[{"href":"https:\/\/madeiraisland.news\/index.php?rest_route=%2Fwp%2Fv2%2Fmedia&parent=1194826"}],"wp:term":[{"taxonomy":"category","embeddable":true,"href":"https:\/\/madeiraisland.news\/index.php?rest_route=%2Fwp%2Fv2%2Fcategories&post=1194826"},{"taxonomy":"post_tag","embeddable":true,"href":"https:\/\/madeiraisland.news\/index.php?rest_route=%2Fwp%2Fv2%2Ftags&post=1194826"}],"curies":[{"name":"wp","href":"https:\/\/api.w.org\/{rel}","templated":true}]}}