{"id":1194823,"date":"2026-04-29T13:19:06","date_gmt":"2026-04-29T13:19:06","guid":{"rendered":"https:\/\/madeiraisland.news\/?p=1194823"},"modified":"2026-04-29T13:35:48","modified_gmt":"2026-04-29T13:35:48","slug":"anos-2027-e-2028-serao-muito-desafiantes-dada-a-forte-restricao-da-despesa-liquida","status":"publish","type":"post","link":"https:\/\/madeiraisland.news\/?p=1194823","title":{"rendered":"Anos 2027 e 2028 ser\u00e3o &#8220;muito desafiantes&#8221; dada a forte restri\u00e7\u00e3o da despesa l\u00edquida"},"content":{"rendered":"<p>A presidente do Conselho das Finan\u00e7as P\u00fablicas (CFP) afirmou hoje que 2027 e 2028 ser\u00e3o &#8220;muito desafiantes&#8221; para o Governo, dada a &#8220;restri\u00e7\u00e3o muito forte&#8221; da evolu\u00e7\u00e3o da despesa l\u00edquida prevista no Plano Or\u00e7amental de M\u00e9dio Prazo 2025-2028.<br \/>\n&#8220;Os anos 2027 e 2028 s\u00e3o dois anos muito desafiantes, porque este \u00e9 um plano que podemos considerar &#8216;backloaded&#8217;, come\u00e7a com uma permiss\u00e3o de crescimento da despesa l\u00edquida muito forte nos primeiros anos e, depois, a restri\u00e7\u00e3o \u00e9 forte nos \u00faltimos anos&#8221;, afirm<\/p>\n","protected":false},"excerpt":{"rendered":"<p>A presidente do Conselho das Finan\u00e7as P\u00fablicas (CFP) afirmou hoje que 2027 e 2028 ser\u00e3o &#8220;muito desafiantes&#8221; para o Governo, dada a &#8220;restri\u00e7\u00e3o muito forte&#8221; da evolu\u00e7\u00e3o da despesa l\u00edquida prevista no Plano Or\u00e7amental de<\/p>\n","protected":false},"author":5,"featured_media":0,"comment_status":"open","ping_status":"","sticky":false,"template":"","format":"standard","meta":{"footnotes":""},"categories":[19],"tags":[],"class_list":["post-1194823","post","type-post","status-publish","format-standard","hentry","category-madeira-island-news","infinite-scroll-item","masonry-post","generate-columns","tablet-grid-50","mobile-grid-100","grid-parent","grid-33"],"_links":{"self":[{"href":"https:\/\/madeiraisland.news\/index.php?rest_route=\/wp\/v2\/posts\/1194823","targetHints":{"allow":["GET"]}}],"collection":[{"href":"https:\/\/madeiraisland.news\/index.php?rest_route=\/wp\/v2\/posts"}],"about":[{"href":"https:\/\/madeiraisland.news\/index.php?rest_route=\/wp\/v2\/types\/post"}],"author":[{"embeddable":true,"href":"https:\/\/madeiraisland.news\/index.php?rest_route=\/wp\/v2\/users\/5"}],"replies":[{"embeddable":true,"href":"https:\/\/madeiraisland.news\/index.php?rest_route=%2Fwp%2Fv2%2Fcomments&post=1194823"}],"version-history":[{"count":2,"href":"https:\/\/madeiraisland.news\/index.php?rest_route=\/wp\/v2\/posts\/1194823\/revisions"}],"predecessor-version":[{"id":1194825,"href":"https:\/\/madeiraisland.news\/index.php?rest_route=\/wp\/v2\/posts\/1194823\/revisions\/1194825"}],"wp:attachment":[{"href":"https:\/\/madeiraisland.news\/index.php?rest_route=%2Fwp%2Fv2%2Fmedia&parent=1194823"}],"wp:term":[{"taxonomy":"category","embeddable":true,"href":"https:\/\/madeiraisland.news\/index.php?rest_route=%2Fwp%2Fv2%2Fcategories&post=1194823"},{"taxonomy":"post_tag","embeddable":true,"href":"https:\/\/madeiraisland.news\/index.php?rest_route=%2Fwp%2Fv2%2Ftags&post=1194823"}],"curies":[{"name":"wp","href":"https:\/\/api.w.org\/{rel}","templated":true}]}}