{"id":1194820,"date":"2026-04-29T13:25:46","date_gmt":"2026-04-29T13:25:46","guid":{"rendered":"https:\/\/madeiraisland.news\/?p=1194820"},"modified":"2026-04-29T13:35:48","modified_gmt":"2026-04-29T13:35:48","slug":"ministerio-publico-acusa-15-pessoas-de-integrar-organizacao-criminosa-internacional-de-burlas","status":"publish","type":"post","link":"https:\/\/madeiraisland.news\/?p=1194820","title":{"rendered":"Minist\u00e9rio P\u00fablico acusa 15 pessoas de integrar organiza\u00e7\u00e3o criminosa internacional de burlas"},"content":{"rendered":"<p>O Minist\u00e9rio P\u00fablico (MP) acusou 15 pessoas de, entre 2022 e 2025, integraram uma organiza\u00e7\u00e3o criminosa internacional que se dedicava \u00e0 pr\u00e1tica de burlas, anunciou hoje o Departamento Central de Investiga\u00e7\u00e3o e A\u00e7\u00e3o Penal (DCIAP).<br \/>\nSegundo informa\u00e7\u00e3o publicada na sua p\u00e1gina oficial, o DCIAP referiu que os 15 arguidos est\u00e3o acusados pelos crimes de associa\u00e7\u00e3o criminosa, burla qualificada, falsifica\u00e7\u00e3o de documento e branqueamento.<br \/>\nNove destes 15 suspeitos est\u00e3o a aguardar julgamento em pris\u00e3o prev<\/p>\n","protected":false},"excerpt":{"rendered":"<p>O Minist\u00e9rio P\u00fablico (MP) acusou 15 pessoas de, entre 2022 e 2025, integraram uma organiza\u00e7\u00e3o criminosa internacional que se dedicava \u00e0 pr\u00e1tica de burlas, anunciou hoje o Departamento Central de Investiga\u00e7\u00e3o e A\u00e7\u00e3o Penal (DCIAP).<\/p>\n","protected":false},"author":5,"featured_media":0,"comment_status":"open","ping_status":"","sticky":false,"template":"","format":"standard","meta":{"footnotes":""},"categories":[19],"tags":[],"class_list":["post-1194820","post","type-post","status-publish","format-standard","hentry","category-madeira-island-news","infinite-scroll-item","masonry-post","generate-columns","tablet-grid-50","mobile-grid-100","grid-parent","grid-33"],"_links":{"self":[{"href":"https:\/\/madeiraisland.news\/index.php?rest_route=\/wp\/v2\/posts\/1194820","targetHints":{"allow":["GET"]}}],"collection":[{"href":"https:\/\/madeiraisland.news\/index.php?rest_route=\/wp\/v2\/posts"}],"about":[{"href":"https:\/\/madeiraisland.news\/index.php?rest_route=\/wp\/v2\/types\/post"}],"author":[{"embeddable":true,"href":"https:\/\/madeiraisland.news\/index.php?rest_route=\/wp\/v2\/users\/5"}],"replies":[{"embeddable":true,"href":"https:\/\/madeiraisland.news\/index.php?rest_route=%2Fwp%2Fv2%2Fcomments&post=1194820"}],"version-history":[{"count":2,"href":"https:\/\/madeiraisland.news\/index.php?rest_route=\/wp\/v2\/posts\/1194820\/revisions"}],"predecessor-version":[{"id":1194822,"href":"https:\/\/madeiraisland.news\/index.php?rest_route=\/wp\/v2\/posts\/1194820\/revisions\/1194822"}],"wp:attachment":[{"href":"https:\/\/madeiraisland.news\/index.php?rest_route=%2Fwp%2Fv2%2Fmedia&parent=1194820"}],"wp:term":[{"taxonomy":"category","embeddable":true,"href":"https:\/\/madeiraisland.news\/index.php?rest_route=%2Fwp%2Fv2%2Fcategories&post=1194820"},{"taxonomy":"post_tag","embeddable":true,"href":"https:\/\/madeiraisland.news\/index.php?rest_route=%2Fwp%2Fv2%2Ftags&post=1194820"}],"curies":[{"name":"wp","href":"https:\/\/api.w.org\/{rel}","templated":true}]}}