{"id":1194817,"date":"2026-04-29T13:28:02","date_gmt":"2026-04-29T13:28:02","guid":{"rendered":"https:\/\/madeiraisland.news\/?p=1194817"},"modified":"2026-04-29T13:35:48","modified_gmt":"2026-04-29T13:35:48","slug":"ugt-vai-reafirmar-propostas-e-nao-exclui-greve-geral","status":"publish","type":"post","link":"https:\/\/madeiraisland.news\/?p=1194817","title":{"rendered":"UGT vai &#8220;reafirmar propostas&#8221; e n\u00e3o exclui greve geral"},"content":{"rendered":"<p>A UGT vai &#8220;reafirmar as propostas&#8221; que j\u00e1 fez nas negocia\u00e7\u00f5es para a reforma laboral e n\u00e3o excluiu a participa\u00e7\u00e3o numa potencial greve geral, disse hoje o seu secret\u00e1rio-geral, \u00e0 margem de um evento em Lisboa.<br \/>\n&#8220;N\u00f3s n\u00e3o dizemos que \u00e9 sem altera\u00e7\u00f5es. Quando se estabelece di\u00e1logos e negocia\u00e7\u00f5es \u00e9 para aproximar posi\u00e7\u00f5es, sendo certo que as partes t\u00eam de estar dispon\u00edveis tamb\u00e9m para fazer essas aprova\u00e7\u00f5es&#8221;, afirmou M\u00e1rio Mour\u00e3o, aos jornalistas, \u00e0 margem do I Congresso Luso-Brasileiro de Rela\u00e7\u00f5es d<\/p>\n","protected":false},"excerpt":{"rendered":"<p>A UGT vai &#8220;reafirmar as propostas&#8221; que j\u00e1 fez nas negocia\u00e7\u00f5es para a reforma laboral e n\u00e3o excluiu a participa\u00e7\u00e3o numa potencial greve geral, disse hoje o seu secret\u00e1rio-geral, \u00e0 margem de um evento em<\/p>\n","protected":false},"author":5,"featured_media":0,"comment_status":"open","ping_status":"","sticky":false,"template":"","format":"standard","meta":{"footnotes":""},"categories":[19],"tags":[],"class_list":["post-1194817","post","type-post","status-publish","format-standard","hentry","category-madeira-island-news","infinite-scroll-item","masonry-post","generate-columns","tablet-grid-50","mobile-grid-100","grid-parent","grid-33"],"_links":{"self":[{"href":"https:\/\/madeiraisland.news\/index.php?rest_route=\/wp\/v2\/posts\/1194817","targetHints":{"allow":["GET"]}}],"collection":[{"href":"https:\/\/madeiraisland.news\/index.php?rest_route=\/wp\/v2\/posts"}],"about":[{"href":"https:\/\/madeiraisland.news\/index.php?rest_route=\/wp\/v2\/types\/post"}],"author":[{"embeddable":true,"href":"https:\/\/madeiraisland.news\/index.php?rest_route=\/wp\/v2\/users\/5"}],"replies":[{"embeddable":true,"href":"https:\/\/madeiraisland.news\/index.php?rest_route=%2Fwp%2Fv2%2Fcomments&post=1194817"}],"version-history":[{"count":2,"href":"https:\/\/madeiraisland.news\/index.php?rest_route=\/wp\/v2\/posts\/1194817\/revisions"}],"predecessor-version":[{"id":1194819,"href":"https:\/\/madeiraisland.news\/index.php?rest_route=\/wp\/v2\/posts\/1194817\/revisions\/1194819"}],"wp:attachment":[{"href":"https:\/\/madeiraisland.news\/index.php?rest_route=%2Fwp%2Fv2%2Fmedia&parent=1194817"}],"wp:term":[{"taxonomy":"category","embeddable":true,"href":"https:\/\/madeiraisland.news\/index.php?rest_route=%2Fwp%2Fv2%2Fcategories&post=1194817"},{"taxonomy":"post_tag","embeddable":true,"href":"https:\/\/madeiraisland.news\/index.php?rest_route=%2Fwp%2Fv2%2Ftags&post=1194817"}],"curies":[{"name":"wp","href":"https:\/\/api.w.org\/{rel}","templated":true}]}}