{"id":1194811,"date":"2026-04-29T12:15:15","date_gmt":"2026-04-29T12:15:15","guid":{"rendered":"https:\/\/madeiraisland.news\/?p=1194811"},"modified":"2026-04-29T12:21:16","modified_gmt":"2026-04-29T12:21:16","slug":"luis-montenegro-apela-aos-empresarios-da-diaspora-a-investir-em-portugal","status":"publish","type":"post","link":"https:\/\/madeiraisland.news\/?p=1194811","title":{"rendered":"Luis Montenegro apela aos empres\u00e1rios da di\u00e1spora a investir em Portugal"},"content":{"rendered":"<p>Hoje, na sess\u00e3o de abertura da primeira edi\u00e7\u00e3o do f\u00f3rum &#8216;Portugal, Na\u00e7\u00e3o Global&#8217;, que decorre no Centro Cultural de Bel\u00e9m, em Lisboa, o primeiro-ministro de Portugal, Lu\u00eds Montenegro, apresentou v\u00e1rios argumentos aos empres\u00e1rios da di\u00e1spora para investirem em Portugal.<br \/>\nLu\u00eds Montenegro disse que Portugal \u00e9 altamente competitivo do ponto de vista energ\u00e9tico. Explicou que &#8220;quanto menos dependentes estivermos e quanto mais competitivos formos no pre\u00e7o da energia, terreno mais f\u00e9rtil temos para atrai<\/p>\n","protected":false},"excerpt":{"rendered":"<p>Hoje, na sess\u00e3o de abertura da primeira edi\u00e7\u00e3o do f\u00f3rum &#8216;Portugal, Na\u00e7\u00e3o Global&#8217;, que decorre no Centro Cultural de Bel\u00e9m, em Lisboa, o primeiro-ministro de Portugal, Lu\u00eds Montenegro, apresentou v\u00e1rios argumentos aos empres\u00e1rios da di\u00e1spora<\/p>\n","protected":false},"author":21,"featured_media":0,"comment_status":"open","ping_status":"","sticky":false,"template":"","format":"standard","meta":{"footnotes":""},"categories":[19],"tags":[],"class_list":["post-1194811","post","type-post","status-publish","format-standard","hentry","category-madeira-island-news","infinite-scroll-item","masonry-post","generate-columns","tablet-grid-50","mobile-grid-100","grid-parent","grid-33"],"_links":{"self":[{"href":"https:\/\/madeiraisland.news\/index.php?rest_route=\/wp\/v2\/posts\/1194811","targetHints":{"allow":["GET"]}}],"collection":[{"href":"https:\/\/madeiraisland.news\/index.php?rest_route=\/wp\/v2\/posts"}],"about":[{"href":"https:\/\/madeiraisland.news\/index.php?rest_route=\/wp\/v2\/types\/post"}],"author":[{"embeddable":true,"href":"https:\/\/madeiraisland.news\/index.php?rest_route=\/wp\/v2\/users\/21"}],"replies":[{"embeddable":true,"href":"https:\/\/madeiraisland.news\/index.php?rest_route=%2Fwp%2Fv2%2Fcomments&post=1194811"}],"version-history":[{"count":2,"href":"https:\/\/madeiraisland.news\/index.php?rest_route=\/wp\/v2\/posts\/1194811\/revisions"}],"predecessor-version":[{"id":1194813,"href":"https:\/\/madeiraisland.news\/index.php?rest_route=\/wp\/v2\/posts\/1194811\/revisions\/1194813"}],"wp:attachment":[{"href":"https:\/\/madeiraisland.news\/index.php?rest_route=%2Fwp%2Fv2%2Fmedia&parent=1194811"}],"wp:term":[{"taxonomy":"category","embeddable":true,"href":"https:\/\/madeiraisland.news\/index.php?rest_route=%2Fwp%2Fv2%2Fcategories&post=1194811"},{"taxonomy":"post_tag","embeddable":true,"href":"https:\/\/madeiraisland.news\/index.php?rest_route=%2Fwp%2Fv2%2Ftags&post=1194811"}],"curies":[{"name":"wp","href":"https:\/\/api.w.org\/{rel}","templated":true}]}}