{"id":1194809,"date":"2026-04-29T12:05:26","date_gmt":"2026-04-29T12:05:26","guid":{"rendered":"https:\/\/madeiraisland.news\/?p=1194809"},"modified":"2026-04-29T12:21:15","modified_gmt":"2026-04-29T12:21:15","slug":"homem-encontrado-morto-em-habitacao-no-funchal","status":"publish","type":"post","link":"https:\/\/madeiraisland.news\/?p=1194809","title":{"rendered":"Homem encontrado morto em habita\u00e7\u00e3o no Funchal"},"content":{"rendered":"<p>Um homem de 56 anos foi encontrado sem vida, na manh\u00e3 desta quarta-feira, numa resid\u00eancia na Rua da Levada de S\u00e3o Jo\u00e3o, no Funchal.\u00a0<br \/>\nO alerta foi dado cerca das 11 horas, tendo sido accionados para o local os Bombeiros Volunt\u00e1rios Madeirenses. Contudo, \u00e0 chegada das equipas de socorro, j\u00e1 nada havia a fazer para reverter a situa\u00e7\u00e3o.<br \/>\nA situa\u00e7\u00e3o seguiu os tr\u00e2mites legais normais.<\/p>\n","protected":false},"excerpt":{"rendered":"<p>Um homem de 56 anos foi encontrado sem vida, na manh\u00e3 desta quarta-feira, numa resid\u00eancia na Rua da Levada de &#8230; <\/p>\n<p class=\"read-more-container\"><a title=\"Homem encontrado morto em habita\u00e7\u00e3o no Funchal\" class=\"read-more button\" href=\"https:\/\/madeiraisland.news\/?p=1194809#more-1194809\" aria-label=\"Read more about Homem encontrado morto em habita\u00e7\u00e3o no Funchal\">Read more<\/a><\/p>\n","protected":false},"author":20,"featured_media":0,"comment_status":"open","ping_status":"","sticky":false,"template":"","format":"standard","meta":{"footnotes":""},"categories":[19],"tags":[],"class_list":["post-1194809","post","type-post","status-publish","format-standard","hentry","category-madeira-island-news","infinite-scroll-item","masonry-post","generate-columns","tablet-grid-50","mobile-grid-100","grid-parent","grid-33"],"_links":{"self":[{"href":"https:\/\/madeiraisland.news\/index.php?rest_route=\/wp\/v2\/posts\/1194809","targetHints":{"allow":["GET"]}}],"collection":[{"href":"https:\/\/madeiraisland.news\/index.php?rest_route=\/wp\/v2\/posts"}],"about":[{"href":"https:\/\/madeiraisland.news\/index.php?rest_route=\/wp\/v2\/types\/post"}],"author":[{"embeddable":true,"href":"https:\/\/madeiraisland.news\/index.php?rest_route=\/wp\/v2\/users\/20"}],"replies":[{"embeddable":true,"href":"https:\/\/madeiraisland.news\/index.php?rest_route=%2Fwp%2Fv2%2Fcomments&post=1194809"}],"version-history":[{"count":1,"href":"https:\/\/madeiraisland.news\/index.php?rest_route=\/wp\/v2\/posts\/1194809\/revisions"}],"predecessor-version":[{"id":1194810,"href":"https:\/\/madeiraisland.news\/index.php?rest_route=\/wp\/v2\/posts\/1194809\/revisions\/1194810"}],"wp:attachment":[{"href":"https:\/\/madeiraisland.news\/index.php?rest_route=%2Fwp%2Fv2%2Fmedia&parent=1194809"}],"wp:term":[{"taxonomy":"category","embeddable":true,"href":"https:\/\/madeiraisland.news\/index.php?rest_route=%2Fwp%2Fv2%2Fcategories&post=1194809"},{"taxonomy":"post_tag","embeddable":true,"href":"https:\/\/madeiraisland.news\/index.php?rest_route=%2Fwp%2Fv2%2Ftags&post=1194809"}],"curies":[{"name":"wp","href":"https:\/\/api.w.org\/{rel}","templated":true}]}}