{"id":1194805,"date":"2026-04-29T12:10:43","date_gmt":"2026-04-29T12:10:43","guid":{"rendered":"https:\/\/madeiraisland.news\/?p=1194805"},"modified":"2026-04-29T12:21:15","modified_gmt":"2026-04-29T12:21:15","slug":"homem-com-comportamentos-agressivos-na-fernao-de-ornelas","status":"publish","type":"post","link":"https:\/\/madeiraisland.news\/?p=1194805","title":{"rendered":"Homem com comportamentos agressivos na &#8216;Fern\u00e3o de Ornelas&#8217;"},"content":{"rendered":"<p>Um homem de 54 anos protagonizou, ao final da tarde de ter\u00e7a-feira, momentos de tens\u00e3o na Rua Dr. Fern\u00e3o de Ornelas, no Funchal, ao apresentar comportamentos agressivos na via p\u00fablica.<br \/>\nO alerta foi dado por volta das 17h30, tendo motivado a interven\u00e7\u00e3o da Pol\u00edcia de Seguran\u00e7a P\u00fablica, que se deslocou ao local para controlar a situa\u00e7\u00e3o.<br \/>\nAp\u00f3s a interven\u00e7\u00e3o policial, os Bombeiros Volunt\u00e1rios Madeirenses procederam ao transporte do homem para o hospital, onde ficou sob observa\u00e7\u00e3o.<\/p>\n","protected":false},"excerpt":{"rendered":"<p>Um homem de 54 anos protagonizou, ao final da tarde de ter\u00e7a-feira, momentos de tens\u00e3o na Rua Dr. Fern\u00e3o de &#8230; <\/p>\n<p class=\"read-more-container\"><a title=\"Homem com comportamentos agressivos na &#8216;Fern\u00e3o de Ornelas&#8217;\" class=\"read-more button\" href=\"https:\/\/madeiraisland.news\/?p=1194805#more-1194805\" aria-label=\"Read more about Homem com comportamentos agressivos na &#8216;Fern\u00e3o de Ornelas&#8217;\">Read more<\/a><\/p>\n","protected":false},"author":20,"featured_media":0,"comment_status":"open","ping_status":"","sticky":false,"template":"","format":"standard","meta":{"footnotes":""},"categories":[19],"tags":[],"class_list":["post-1194805","post","type-post","status-publish","format-standard","hentry","category-madeira-island-news","infinite-scroll-item","masonry-post","generate-columns","tablet-grid-50","mobile-grid-100","grid-parent","grid-33"],"_links":{"self":[{"href":"https:\/\/madeiraisland.news\/index.php?rest_route=\/wp\/v2\/posts\/1194805","targetHints":{"allow":["GET"]}}],"collection":[{"href":"https:\/\/madeiraisland.news\/index.php?rest_route=\/wp\/v2\/posts"}],"about":[{"href":"https:\/\/madeiraisland.news\/index.php?rest_route=\/wp\/v2\/types\/post"}],"author":[{"embeddable":true,"href":"https:\/\/madeiraisland.news\/index.php?rest_route=\/wp\/v2\/users\/20"}],"replies":[{"embeddable":true,"href":"https:\/\/madeiraisland.news\/index.php?rest_route=%2Fwp%2Fv2%2Fcomments&post=1194805"}],"version-history":[{"count":1,"href":"https:\/\/madeiraisland.news\/index.php?rest_route=\/wp\/v2\/posts\/1194805\/revisions"}],"predecessor-version":[{"id":1194806,"href":"https:\/\/madeiraisland.news\/index.php?rest_route=\/wp\/v2\/posts\/1194805\/revisions\/1194806"}],"wp:attachment":[{"href":"https:\/\/madeiraisland.news\/index.php?rest_route=%2Fwp%2Fv2%2Fmedia&parent=1194805"}],"wp:term":[{"taxonomy":"category","embeddable":true,"href":"https:\/\/madeiraisland.news\/index.php?rest_route=%2Fwp%2Fv2%2Fcategories&post=1194805"},{"taxonomy":"post_tag","embeddable":true,"href":"https:\/\/madeiraisland.news\/index.php?rest_route=%2Fwp%2Fv2%2Ftags&post=1194805"}],"curies":[{"name":"wp","href":"https:\/\/api.w.org\/{rel}","templated":true}]}}