{"id":1194803,"date":"2026-04-29T12:02:48","date_gmt":"2026-04-29T12:02:48","guid":{"rendered":"https:\/\/madeiraisland.news\/?p=1194803"},"modified":"2026-04-29T12:06:18","modified_gmt":"2026-04-29T12:06:18","slug":"falso-alarme-de-incendio-mobilizou-os-bombeiros-esta-madrugada","status":"publish","type":"post","link":"https:\/\/madeiraisland.news\/?p=1194803","title":{"rendered":"Falso alarme de inc\u00eandio mobilizou os bombeiros esta madrugada"},"content":{"rendered":"<p>Os Bombeiros Sapadores do Funchal foram mobilizados na madrugada desta quarta-feira, 29 de Abril, para uma suspeita de inc\u00eandio, ap\u00f3s o disparo de um alarme.<br \/>\nO alerta foi dado pelas 5h20, levando \u00e0 mobiliza\u00e7\u00e3o de um ve\u00edculo e seis operacionais para o local. \u00c0 chegada, os bombeiros procederam \u00e0 verifica\u00e7\u00e3o da situa\u00e7\u00e3o, tendo conclu\u00eddo que se tratava de um falso alarme, n\u00e3o se registando qualquer ocorr\u00eancia.<br \/>\nAp\u00f3s a confirma\u00e7\u00e3o, a equipa regressou ao quartel sem necessidade de interven\u00e7\u00e3o adicional<\/p>\n","protected":false},"excerpt":{"rendered":"<p>Os Bombeiros Sapadores do Funchal foram mobilizados na madrugada desta quarta-feira, 29 de Abril, para uma suspeita de inc\u00eandio, ap\u00f3s &#8230; <\/p>\n<p class=\"read-more-container\"><a title=\"Falso alarme de inc\u00eandio mobilizou os bombeiros esta madrugada\" class=\"read-more button\" href=\"https:\/\/madeiraisland.news\/?p=1194803#more-1194803\" aria-label=\"Read more about Falso alarme de inc\u00eandio mobilizou os bombeiros esta madrugada\">Read more<\/a><\/p>\n","protected":false},"author":20,"featured_media":0,"comment_status":"open","ping_status":"","sticky":false,"template":"","format":"standard","meta":{"footnotes":""},"categories":[19],"tags":[],"class_list":["post-1194803","post","type-post","status-publish","format-standard","hentry","category-madeira-island-news","infinite-scroll-item","masonry-post","generate-columns","tablet-grid-50","mobile-grid-100","grid-parent","grid-33"],"_links":{"self":[{"href":"https:\/\/madeiraisland.news\/index.php?rest_route=\/wp\/v2\/posts\/1194803","targetHints":{"allow":["GET"]}}],"collection":[{"href":"https:\/\/madeiraisland.news\/index.php?rest_route=\/wp\/v2\/posts"}],"about":[{"href":"https:\/\/madeiraisland.news\/index.php?rest_route=\/wp\/v2\/types\/post"}],"author":[{"embeddable":true,"href":"https:\/\/madeiraisland.news\/index.php?rest_route=\/wp\/v2\/users\/20"}],"replies":[{"embeddable":true,"href":"https:\/\/madeiraisland.news\/index.php?rest_route=%2Fwp%2Fv2%2Fcomments&post=1194803"}],"version-history":[{"count":1,"href":"https:\/\/madeiraisland.news\/index.php?rest_route=\/wp\/v2\/posts\/1194803\/revisions"}],"predecessor-version":[{"id":1194804,"href":"https:\/\/madeiraisland.news\/index.php?rest_route=\/wp\/v2\/posts\/1194803\/revisions\/1194804"}],"wp:attachment":[{"href":"https:\/\/madeiraisland.news\/index.php?rest_route=%2Fwp%2Fv2%2Fmedia&parent=1194803"}],"wp:term":[{"taxonomy":"category","embeddable":true,"href":"https:\/\/madeiraisland.news\/index.php?rest_route=%2Fwp%2Fv2%2Fcategories&post=1194803"},{"taxonomy":"post_tag","embeddable":true,"href":"https:\/\/madeiraisland.news\/index.php?rest_route=%2Fwp%2Fv2%2Ftags&post=1194803"}],"curies":[{"name":"wp","href":"https:\/\/api.w.org\/{rel}","templated":true}]}}