{"id":1194800,"date":"2026-04-29T11:41:36","date_gmt":"2026-04-29T11:41:36","guid":{"rendered":"https:\/\/madeiraisland.news\/?p=1194800"},"modified":"2026-04-29T11:52:09","modified_gmt":"2026-04-29T11:52:09","slug":"taxa-de-desemprego-em-portugal-em-marco-recua-para-58","status":"publish","type":"post","link":"https:\/\/madeiraisland.news\/?p=1194800","title":{"rendered":"Taxa de desemprego em Portugal em Mar\u00e7o recua para 5,8%"},"content":{"rendered":"<p>A taxa de desemprego fixou-se em 5,8% em mar\u00e7o, semelhante ao registado em fevereiro, mas 0,5 pontos percentuais abaixo do mesmo m\u00eas do ano passado, segundo dados provis\u00f3rios hoje divulgados pelo INE.<br \/>\nEm mar\u00e7o, &#8220;a taxa de desemprego situou-se em 5,8%, valor igual ao de fevereiro de 2026, superior ao de dezembro de 2025 (0,2 p.p.), mas inferior ao de mar\u00e7o do ano anterior (0,5 p.p.)&#8221;, refere o Instituto Nacional de Estat\u00edstica (INE).<br \/>\nJ\u00e1 a taxa de subutiliza\u00e7\u00e3o do trabalho foi estimada em 9,8%, &#8220;v<\/p>\n","protected":false},"excerpt":{"rendered":"<p>A taxa de desemprego fixou-se em 5,8% em mar\u00e7o, semelhante ao registado em fevereiro, mas 0,5 pontos percentuais abaixo do mesmo m\u00eas do ano passado, segundo dados provis\u00f3rios hoje divulgados pelo INE. Em mar\u00e7o, &#8220;a<\/p>\n","protected":false},"author":5,"featured_media":0,"comment_status":"open","ping_status":"","sticky":false,"template":"","format":"standard","meta":{"footnotes":""},"categories":[19],"tags":[],"class_list":["post-1194800","post","type-post","status-publish","format-standard","hentry","category-madeira-island-news","infinite-scroll-item","masonry-post","generate-columns","tablet-grid-50","mobile-grid-100","grid-parent","grid-33"],"_links":{"self":[{"href":"https:\/\/madeiraisland.news\/index.php?rest_route=\/wp\/v2\/posts\/1194800","targetHints":{"allow":["GET"]}}],"collection":[{"href":"https:\/\/madeiraisland.news\/index.php?rest_route=\/wp\/v2\/posts"}],"about":[{"href":"https:\/\/madeiraisland.news\/index.php?rest_route=\/wp\/v2\/types\/post"}],"author":[{"embeddable":true,"href":"https:\/\/madeiraisland.news\/index.php?rest_route=\/wp\/v2\/users\/5"}],"replies":[{"embeddable":true,"href":"https:\/\/madeiraisland.news\/index.php?rest_route=%2Fwp%2Fv2%2Fcomments&post=1194800"}],"version-history":[{"count":2,"href":"https:\/\/madeiraisland.news\/index.php?rest_route=\/wp\/v2\/posts\/1194800\/revisions"}],"predecessor-version":[{"id":1194802,"href":"https:\/\/madeiraisland.news\/index.php?rest_route=\/wp\/v2\/posts\/1194800\/revisions\/1194802"}],"wp:attachment":[{"href":"https:\/\/madeiraisland.news\/index.php?rest_route=%2Fwp%2Fv2%2Fmedia&parent=1194800"}],"wp:term":[{"taxonomy":"category","embeddable":true,"href":"https:\/\/madeiraisland.news\/index.php?rest_route=%2Fwp%2Fv2%2Fcategories&post=1194800"},{"taxonomy":"post_tag","embeddable":true,"href":"https:\/\/madeiraisland.news\/index.php?rest_route=%2Fwp%2Fv2%2Ftags&post=1194800"}],"curies":[{"name":"wp","href":"https:\/\/api.w.org\/{rel}","templated":true}]}}