{"id":1194798,"date":"2026-04-29T10:34:58","date_gmt":"2026-04-29T10:34:58","guid":{"rendered":"https:\/\/madeiraisland.news\/?p=1194798"},"modified":"2026-04-29T10:52:23","modified_gmt":"2026-04-29T10:52:23","slug":"grande-premio-cidade-do-funchal-2026-reune-centenas-de-nadadores-na-madeira","status":"publish","type":"post","link":"https:\/\/madeiraisland.news\/?p=1194798","title":{"rendered":"Grande Pr\u00e9mio Cidade do Funchal 2026 re\u00fane centenas de nadadores na Madeira"},"content":{"rendered":"<p>O evento, organizado pelo Clube Naval do Funchal em parceria com a Associa\u00e7\u00e3o de Nata\u00e7\u00e3o da Madeira, decorre entre 30 de abril e 2 de maio, integrando provas de nata\u00e7\u00e3o pura e \u00e1guas abertas. O Clube Naval do Funchal (CNF) promove, nos pr\u00f3ximos dias 30 de abril, 1 e 2 de maio, o\u00a0Grande Pr\u00e9mio Cidade [\u2026]<\/p>\n","protected":false},"excerpt":{"rendered":"<p>O evento, organizado pelo Clube Naval do Funchal em parceria com a Associa\u00e7\u00e3o de Nata\u00e7\u00e3o da Madeira, decorre entre 30 &#8230; <\/p>\n<p class=\"read-more-container\"><a title=\"Grande Pr\u00e9mio Cidade do Funchal 2026 re\u00fane centenas de nadadores na Madeira\" class=\"read-more button\" href=\"https:\/\/madeiraisland.news\/?p=1194798#more-1194798\" aria-label=\"Read more about Grande Pr\u00e9mio Cidade do Funchal 2026 re\u00fane centenas de nadadores na Madeira\">Read more<\/a><\/p>\n","protected":false},"author":259,"featured_media":0,"comment_status":"open","ping_status":"","sticky":false,"template":"","format":"standard","meta":{"footnotes":""},"categories":[19],"tags":[],"class_list":["post-1194798","post","type-post","status-publish","format-standard","hentry","category-madeira-island-news","infinite-scroll-item","masonry-post","generate-columns","tablet-grid-50","mobile-grid-100","grid-parent","grid-33"],"_links":{"self":[{"href":"https:\/\/madeiraisland.news\/index.php?rest_route=\/wp\/v2\/posts\/1194798","targetHints":{"allow":["GET"]}}],"collection":[{"href":"https:\/\/madeiraisland.news\/index.php?rest_route=\/wp\/v2\/posts"}],"about":[{"href":"https:\/\/madeiraisland.news\/index.php?rest_route=\/wp\/v2\/types\/post"}],"author":[{"embeddable":true,"href":"https:\/\/madeiraisland.news\/index.php?rest_route=\/wp\/v2\/users\/259"}],"replies":[{"embeddable":true,"href":"https:\/\/madeiraisland.news\/index.php?rest_route=%2Fwp%2Fv2%2Fcomments&post=1194798"}],"version-history":[{"count":1,"href":"https:\/\/madeiraisland.news\/index.php?rest_route=\/wp\/v2\/posts\/1194798\/revisions"}],"predecessor-version":[{"id":1194799,"href":"https:\/\/madeiraisland.news\/index.php?rest_route=\/wp\/v2\/posts\/1194798\/revisions\/1194799"}],"wp:attachment":[{"href":"https:\/\/madeiraisland.news\/index.php?rest_route=%2Fwp%2Fv2%2Fmedia&parent=1194798"}],"wp:term":[{"taxonomy":"category","embeddable":true,"href":"https:\/\/madeiraisland.news\/index.php?rest_route=%2Fwp%2Fv2%2Fcategories&post=1194798"},{"taxonomy":"post_tag","embeddable":true,"href":"https:\/\/madeiraisland.news\/index.php?rest_route=%2Fwp%2Fv2%2Ftags&post=1194798"}],"curies":[{"name":"wp","href":"https:\/\/api.w.org\/{rel}","templated":true}]}}