{"id":1194796,"date":"2026-04-29T10:37:33","date_gmt":"2026-04-29T10:37:33","guid":{"rendered":"https:\/\/madeiraisland.news\/?p=1194796"},"modified":"2026-04-29T10:52:23","modified_gmt":"2026-04-29T10:52:23","slug":"4o-encontro-regional-escola-azul-funchal-aposta-na-educacao-ambiental-e-na-sustentabilidade","status":"publish","type":"post","link":"https:\/\/madeiraisland.news\/?p=1194796","title":{"rendered":"4\u00ba Encontro Regional Escola Azul: Funchal aposta na educa\u00e7\u00e3o ambiental e na sustentabilidade"},"content":{"rendered":"<p>Decorreu, ontem, na Reitoria da UMa, no Largo do Col\u00e9gio, o 4\u00ba Encontro Regional Escola Azul, que contou com a presen\u00e7a da vereadora com o pelouro do ambiente, Paula Jardim Duarte. Refira-se que o Funchal tem como pilar, na \u00e1rea do ambiente, a sensibiliza\u00e7\u00e3o ambiental e a sustentabilidade. Neste sentido, saliente-se que o Funchal \u00e9 [\u2026]<\/p>\n","protected":false},"excerpt":{"rendered":"<p>Decorreu, ontem, na Reitoria da UMa, no Largo do Col\u00e9gio, o 4\u00ba Encontro Regional Escola Azul, que contou com a &#8230; <\/p>\n<p class=\"read-more-container\"><a title=\"4\u00ba Encontro Regional Escola Azul: Funchal aposta na educa\u00e7\u00e3o ambiental e na sustentabilidade\" class=\"read-more button\" href=\"https:\/\/madeiraisland.news\/?p=1194796#more-1194796\" aria-label=\"Read more about 4\u00ba Encontro Regional Escola Azul: Funchal aposta na educa\u00e7\u00e3o ambiental e na sustentabilidade\">Read more<\/a><\/p>\n","protected":false},"author":259,"featured_media":0,"comment_status":"open","ping_status":"","sticky":false,"template":"","format":"standard","meta":{"footnotes":""},"categories":[19],"tags":[],"class_list":["post-1194796","post","type-post","status-publish","format-standard","hentry","category-madeira-island-news","infinite-scroll-item","masonry-post","generate-columns","tablet-grid-50","mobile-grid-100","grid-parent","grid-33"],"_links":{"self":[{"href":"https:\/\/madeiraisland.news\/index.php?rest_route=\/wp\/v2\/posts\/1194796","targetHints":{"allow":["GET"]}}],"collection":[{"href":"https:\/\/madeiraisland.news\/index.php?rest_route=\/wp\/v2\/posts"}],"about":[{"href":"https:\/\/madeiraisland.news\/index.php?rest_route=\/wp\/v2\/types\/post"}],"author":[{"embeddable":true,"href":"https:\/\/madeiraisland.news\/index.php?rest_route=\/wp\/v2\/users\/259"}],"replies":[{"embeddable":true,"href":"https:\/\/madeiraisland.news\/index.php?rest_route=%2Fwp%2Fv2%2Fcomments&post=1194796"}],"version-history":[{"count":1,"href":"https:\/\/madeiraisland.news\/index.php?rest_route=\/wp\/v2\/posts\/1194796\/revisions"}],"predecessor-version":[{"id":1194797,"href":"https:\/\/madeiraisland.news\/index.php?rest_route=\/wp\/v2\/posts\/1194796\/revisions\/1194797"}],"wp:attachment":[{"href":"https:\/\/madeiraisland.news\/index.php?rest_route=%2Fwp%2Fv2%2Fmedia&parent=1194796"}],"wp:term":[{"taxonomy":"category","embeddable":true,"href":"https:\/\/madeiraisland.news\/index.php?rest_route=%2Fwp%2Fv2%2Fcategories&post=1194796"},{"taxonomy":"post_tag","embeddable":true,"href":"https:\/\/madeiraisland.news\/index.php?rest_route=%2Fwp%2Fv2%2Ftags&post=1194796"}],"curies":[{"name":"wp","href":"https:\/\/api.w.org\/{rel}","templated":true}]}}