{"id":1194794,"date":"2026-04-29T10:41:03","date_gmt":"2026-04-29T10:41:03","guid":{"rendered":"https:\/\/madeiraisland.news\/?p=1194794"},"modified":"2026-04-29T10:52:23","modified_gmt":"2026-04-29T10:52:23","slug":"prorrogado-o-prazo-para-apresentacao-das-propostas-do-hospital-central-e-universitario-da-madeira","status":"publish","type":"post","link":"https:\/\/madeiraisland.news\/?p=1194794","title":{"rendered":"Prorrogado o prazo para apresenta\u00e7\u00e3o das propostas do Hospital Central e Universit\u00e1rio da Madeira"},"content":{"rendered":"<p>A Secretaria Regional de Equipamentos e Infraestruturas (SREI) esclarece que por motivos legais foi prorrogado o prazo fixado para a apresenta\u00e7\u00e3o de propostas, no \u00e2mbito do procedimento \u201cHospital Central e Universit\u00e1rio da Madeira \u2013 3.\u00aa Fase \u2013 Infraestruturas Gerais. Acabamentos e Instala\u00e7\u00f5es T\u00e9cnicas\u201d. O novo prazo termina a 21 de maio, substituindo a data prevista [\u2026]<\/p>\n","protected":false},"excerpt":{"rendered":"<p>A Secretaria Regional de Equipamentos e Infraestruturas (SREI) esclarece que por motivos legais foi prorrogado o prazo fixado para a &#8230; <\/p>\n<p class=\"read-more-container\"><a title=\"Prorrogado o prazo para apresenta\u00e7\u00e3o das propostas do Hospital Central e Universit\u00e1rio da Madeira\" class=\"read-more button\" href=\"https:\/\/madeiraisland.news\/?p=1194794#more-1194794\" aria-label=\"Read more about Prorrogado o prazo para apresenta\u00e7\u00e3o das propostas do Hospital Central e Universit\u00e1rio da Madeira\">Read more<\/a><\/p>\n","protected":false},"author":259,"featured_media":0,"comment_status":"open","ping_status":"","sticky":false,"template":"","format":"standard","meta":{"footnotes":""},"categories":[19],"tags":[],"class_list":["post-1194794","post","type-post","status-publish","format-standard","hentry","category-madeira-island-news","infinite-scroll-item","masonry-post","generate-columns","tablet-grid-50","mobile-grid-100","grid-parent","grid-33"],"_links":{"self":[{"href":"https:\/\/madeiraisland.news\/index.php?rest_route=\/wp\/v2\/posts\/1194794","targetHints":{"allow":["GET"]}}],"collection":[{"href":"https:\/\/madeiraisland.news\/index.php?rest_route=\/wp\/v2\/posts"}],"about":[{"href":"https:\/\/madeiraisland.news\/index.php?rest_route=\/wp\/v2\/types\/post"}],"author":[{"embeddable":true,"href":"https:\/\/madeiraisland.news\/index.php?rest_route=\/wp\/v2\/users\/259"}],"replies":[{"embeddable":true,"href":"https:\/\/madeiraisland.news\/index.php?rest_route=%2Fwp%2Fv2%2Fcomments&post=1194794"}],"version-history":[{"count":1,"href":"https:\/\/madeiraisland.news\/index.php?rest_route=\/wp\/v2\/posts\/1194794\/revisions"}],"predecessor-version":[{"id":1194795,"href":"https:\/\/madeiraisland.news\/index.php?rest_route=\/wp\/v2\/posts\/1194794\/revisions\/1194795"}],"wp:attachment":[{"href":"https:\/\/madeiraisland.news\/index.php?rest_route=%2Fwp%2Fv2%2Fmedia&parent=1194794"}],"wp:term":[{"taxonomy":"category","embeddable":true,"href":"https:\/\/madeiraisland.news\/index.php?rest_route=%2Fwp%2Fv2%2Fcategories&post=1194794"},{"taxonomy":"post_tag","embeddable":true,"href":"https:\/\/madeiraisland.news\/index.php?rest_route=%2Fwp%2Fv2%2Ftags&post=1194794"}],"curies":[{"name":"wp","href":"https:\/\/api.w.org\/{rel}","templated":true}]}}