{"id":1194792,"date":"2026-04-29T10:44:29","date_gmt":"2026-04-29T10:44:29","guid":{"rendered":"https:\/\/madeiraisland.news\/?p=1194792"},"modified":"2026-04-29T10:52:23","modified_gmt":"2026-04-29T10:52:23","slug":"porto-da-cruz-recebe-antigos-militares-a-3-de-maio","status":"publish","type":"post","link":"https:\/\/madeiraisland.news\/?p=1194792","title":{"rendered":"Porto da Cruz recebe antigos militares a 3 de maio"},"content":{"rendered":"<p>S\u00edlvio Mendes No pr\u00f3ximo domingo 3 de maio, no Porto da Cruz, realizar-se-\u00e1 o 97.\u00ba Encontro do Agrupamento\u00a0\u00a0Mensal dos Militares da Madeira que Serviram no Ultramar\u00a0iniciando-se com a celebra\u00e7\u00e3o da Eucaristia \u00e0s 11h15 na igreja paroquial. Pelas 12 horas ser\u00e1 feita uma homenagem aos militares\u00a0falecidos no Ultramar\u00a0e\u00a0aos militares\u00a0falecidos ap\u00f3s o regresso do Ultramar e ac\u00e7\u00e3o [\u2026]<\/p>\n","protected":false},"excerpt":{"rendered":"<p>S\u00edlvio Mendes No pr\u00f3ximo domingo 3 de maio, no Porto da Cruz, realizar-se-\u00e1 o 97.\u00ba Encontro do Agrupamento\u00a0\u00a0Mensal dos Militares &#8230; <\/p>\n<p class=\"read-more-container\"><a title=\"Porto da Cruz recebe antigos militares a 3 de maio\" class=\"read-more button\" href=\"https:\/\/madeiraisland.news\/?p=1194792#more-1194792\" aria-label=\"Read more about Porto da Cruz recebe antigos militares a 3 de maio\">Read more<\/a><\/p>\n","protected":false},"author":260,"featured_media":0,"comment_status":"open","ping_status":"","sticky":false,"template":"","format":"standard","meta":{"footnotes":""},"categories":[19],"tags":[],"class_list":["post-1194792","post","type-post","status-publish","format-standard","hentry","category-madeira-island-news","infinite-scroll-item","masonry-post","generate-columns","tablet-grid-50","mobile-grid-100","grid-parent","grid-33"],"_links":{"self":[{"href":"https:\/\/madeiraisland.news\/index.php?rest_route=\/wp\/v2\/posts\/1194792","targetHints":{"allow":["GET"]}}],"collection":[{"href":"https:\/\/madeiraisland.news\/index.php?rest_route=\/wp\/v2\/posts"}],"about":[{"href":"https:\/\/madeiraisland.news\/index.php?rest_route=\/wp\/v2\/types\/post"}],"author":[{"embeddable":true,"href":"https:\/\/madeiraisland.news\/index.php?rest_route=\/wp\/v2\/users\/260"}],"replies":[{"embeddable":true,"href":"https:\/\/madeiraisland.news\/index.php?rest_route=%2Fwp%2Fv2%2Fcomments&post=1194792"}],"version-history":[{"count":1,"href":"https:\/\/madeiraisland.news\/index.php?rest_route=\/wp\/v2\/posts\/1194792\/revisions"}],"predecessor-version":[{"id":1194793,"href":"https:\/\/madeiraisland.news\/index.php?rest_route=\/wp\/v2\/posts\/1194792\/revisions\/1194793"}],"wp:attachment":[{"href":"https:\/\/madeiraisland.news\/index.php?rest_route=%2Fwp%2Fv2%2Fmedia&parent=1194792"}],"wp:term":[{"taxonomy":"category","embeddable":true,"href":"https:\/\/madeiraisland.news\/index.php?rest_route=%2Fwp%2Fv2%2Fcategories&post=1194792"},{"taxonomy":"post_tag","embeddable":true,"href":"https:\/\/madeiraisland.news\/index.php?rest_route=%2Fwp%2Fv2%2Ftags&post=1194792"}],"curies":[{"name":"wp","href":"https:\/\/api.w.org\/{rel}","templated":true}]}}