{"id":1194788,"date":"2026-04-29T10:17:04","date_gmt":"2026-04-29T10:17:04","guid":{"rendered":"https:\/\/madeiraisland.news\/?p=1194788"},"modified":"2026-04-29T10:30:48","modified_gmt":"2026-04-29T10:30:48","slug":"escola-de-sao-vicente-promoveu-v-torneio-de-voleibol-d-lucinda-andrade","status":"publish","type":"post","link":"https:\/\/madeiraisland.news\/?p=1194788","title":{"rendered":"Escola de S\u00e3o Vicente promoveu V Torneio de Voleibol D. Lucinda Andrade"},"content":{"rendered":"<p>No \u00e2mbito da Semana das Artes do Departamento de Express\u00f5es, da Escola B\u00e1sica e Secund\u00e1ria com Pr\u00e9-escolar e Creche D. Lucinda Andrade, o Grupo de\u00a0Educa\u00e7\u00e3o F\u00edsica dinamizou ontem, dia 28 de abril, o V Torneio de Voleibol D. Lucinda Andrade. Neste Torneio participaram quatro equipas, uma constitu\u00edda por professores de diferentes grupos disciplinares e tr\u00eas [\u2026]<\/p>\n","protected":false},"excerpt":{"rendered":"<p>No \u00e2mbito da Semana das Artes do Departamento de Express\u00f5es, da Escola B\u00e1sica e Secund\u00e1ria com Pr\u00e9-escolar e Creche D. &#8230; <\/p>\n<p class=\"read-more-container\"><a title=\"Escola de S\u00e3o Vicente promoveu V Torneio de Voleibol D. Lucinda Andrade\" class=\"read-more button\" href=\"https:\/\/madeiraisland.news\/?p=1194788#more-1194788\" aria-label=\"Read more about Escola de S\u00e3o Vicente promoveu V Torneio de Voleibol D. Lucinda Andrade\">Read more<\/a><\/p>\n","protected":false},"author":259,"featured_media":0,"comment_status":"open","ping_status":"","sticky":false,"template":"","format":"standard","meta":{"footnotes":""},"categories":[19],"tags":[],"class_list":["post-1194788","post","type-post","status-publish","format-standard","hentry","category-madeira-island-news","infinite-scroll-item","masonry-post","generate-columns","tablet-grid-50","mobile-grid-100","grid-parent","grid-33"],"_links":{"self":[{"href":"https:\/\/madeiraisland.news\/index.php?rest_route=\/wp\/v2\/posts\/1194788","targetHints":{"allow":["GET"]}}],"collection":[{"href":"https:\/\/madeiraisland.news\/index.php?rest_route=\/wp\/v2\/posts"}],"about":[{"href":"https:\/\/madeiraisland.news\/index.php?rest_route=\/wp\/v2\/types\/post"}],"author":[{"embeddable":true,"href":"https:\/\/madeiraisland.news\/index.php?rest_route=\/wp\/v2\/users\/259"}],"replies":[{"embeddable":true,"href":"https:\/\/madeiraisland.news\/index.php?rest_route=%2Fwp%2Fv2%2Fcomments&post=1194788"}],"version-history":[{"count":1,"href":"https:\/\/madeiraisland.news\/index.php?rest_route=\/wp\/v2\/posts\/1194788\/revisions"}],"predecessor-version":[{"id":1194789,"href":"https:\/\/madeiraisland.news\/index.php?rest_route=\/wp\/v2\/posts\/1194788\/revisions\/1194789"}],"wp:attachment":[{"href":"https:\/\/madeiraisland.news\/index.php?rest_route=%2Fwp%2Fv2%2Fmedia&parent=1194788"}],"wp:term":[{"taxonomy":"category","embeddable":true,"href":"https:\/\/madeiraisland.news\/index.php?rest_route=%2Fwp%2Fv2%2Fcategories&post=1194788"},{"taxonomy":"post_tag","embeddable":true,"href":"https:\/\/madeiraisland.news\/index.php?rest_route=%2Fwp%2Fv2%2Ftags&post=1194788"}],"curies":[{"name":"wp","href":"https:\/\/api.w.org\/{rel}","templated":true}]}}