{"id":1194779,"date":"2026-04-29T09:59:33","date_gmt":"2026-04-29T09:59:33","guid":{"rendered":"https:\/\/madeiraisland.news\/?p=1194779"},"modified":"2026-04-29T10:16:58","modified_gmt":"2026-04-29T10:16:58","slug":"taxa-euribor-desce-a-tres-meses-e-sobe-a-seis-e-a-12-meses","status":"publish","type":"post","link":"https:\/\/madeiraisland.news\/?p=1194779","title":{"rendered":"Taxa Euribor desce a tr\u00eas meses e sobe a seis e a 12 meses"},"content":{"rendered":"<p>A taxa Euribor desceu hoje a tr\u00eas meses e subiu a seis e a 12 meses em rela\u00e7\u00e3o a ter\u00e7a-feira, nesta semana mais curta e na v\u00e9spera da decis\u00e3o de pol\u00edtica monet\u00e1ria do Banco Central Europeu (BCE).<br \/>\nCom as altera\u00e7\u00f5es de hoje, a taxa a tr\u00eas meses, que recuou para 2,149%, continuou abaixo das taxas a seis (2,462%) e a 12 meses (2,769%).<br \/>\nA taxa Euribor a seis meses, que passou em janeiro de 2024 a ser a mais utilizada em Portugal nos cr\u00e9ditos \u00e0 habita\u00e7\u00e3o <\/p>\n","protected":false},"excerpt":{"rendered":"<p>A taxa Euribor desceu hoje a tr\u00eas meses e subiu a seis e a 12 meses em rela\u00e7\u00e3o a ter\u00e7a-feira, nesta semana mais curta e na v\u00e9spera da decis\u00e3o de pol\u00edtica monet\u00e1ria do Banco Central<\/p>\n","protected":false},"author":5,"featured_media":0,"comment_status":"open","ping_status":"","sticky":false,"template":"","format":"standard","meta":{"footnotes":""},"categories":[19],"tags":[],"class_list":["post-1194779","post","type-post","status-publish","format-standard","hentry","category-madeira-island-news","infinite-scroll-item","masonry-post","generate-columns","tablet-grid-50","mobile-grid-100","grid-parent","grid-33"],"_links":{"self":[{"href":"https:\/\/madeiraisland.news\/index.php?rest_route=\/wp\/v2\/posts\/1194779","targetHints":{"allow":["GET"]}}],"collection":[{"href":"https:\/\/madeiraisland.news\/index.php?rest_route=\/wp\/v2\/posts"}],"about":[{"href":"https:\/\/madeiraisland.news\/index.php?rest_route=\/wp\/v2\/types\/post"}],"author":[{"embeddable":true,"href":"https:\/\/madeiraisland.news\/index.php?rest_route=\/wp\/v2\/users\/5"}],"replies":[{"embeddable":true,"href":"https:\/\/madeiraisland.news\/index.php?rest_route=%2Fwp%2Fv2%2Fcomments&post=1194779"}],"version-history":[{"count":2,"href":"https:\/\/madeiraisland.news\/index.php?rest_route=\/wp\/v2\/posts\/1194779\/revisions"}],"predecessor-version":[{"id":1194781,"href":"https:\/\/madeiraisland.news\/index.php?rest_route=\/wp\/v2\/posts\/1194779\/revisions\/1194781"}],"wp:attachment":[{"href":"https:\/\/madeiraisland.news\/index.php?rest_route=%2Fwp%2Fv2%2Fmedia&parent=1194779"}],"wp:term":[{"taxonomy":"category","embeddable":true,"href":"https:\/\/madeiraisland.news\/index.php?rest_route=%2Fwp%2Fv2%2Fcategories&post=1194779"},{"taxonomy":"post_tag","embeddable":true,"href":"https:\/\/madeiraisland.news\/index.php?rest_route=%2Fwp%2Fv2%2Ftags&post=1194779"}],"curies":[{"name":"wp","href":"https:\/\/api.w.org\/{rel}","templated":true}]}}