{"id":1194777,"date":"2026-04-29T10:07:59","date_gmt":"2026-04-29T10:07:59","guid":{"rendered":"https:\/\/madeiraisland.news\/?p=1194777"},"modified":"2026-04-29T10:16:57","modified_gmt":"2026-04-29T10:16:57","slug":"maio-branco-dedicado-a-saude-pulmonar-apresentado-amanha","status":"publish","type":"post","link":"https:\/\/madeiraisland.news\/?p=1194777","title":{"rendered":"Maio Branco dedicado \u00e0 Sa\u00fade Pulmonar apresentado amanh\u00e3"},"content":{"rendered":"<p>O m\u00eas de maio assinala, em Portugal e no mundo, a sensibiliza\u00e7\u00e3o para o\u00a0Cancro do Pulm\u00e3o, uma das doen\u00e7as oncol\u00f3gicas com maior impacto na sa\u00fade p\u00fablica. O tabaco continua a ser a principal causa de morte evit\u00e1vel no pa\u00eds, estando associado a milhares de \u00f3bitos anuais e ao desenvolvimento de patologias respirat\u00f3rias graves, incluindo o [\u2026]<\/p>\n","protected":false},"excerpt":{"rendered":"<p>O m\u00eas de maio assinala, em Portugal e no mundo, a sensibiliza\u00e7\u00e3o para o\u00a0Cancro do Pulm\u00e3o, uma das doen\u00e7as oncol\u00f3gicas &#8230; <\/p>\n<p class=\"read-more-container\"><a title=\"Maio Branco dedicado \u00e0 Sa\u00fade Pulmonar apresentado amanh\u00e3\" class=\"read-more button\" href=\"https:\/\/madeiraisland.news\/?p=1194777#more-1194777\" aria-label=\"Read more about Maio Branco dedicado \u00e0 Sa\u00fade Pulmonar apresentado amanh\u00e3\">Read more<\/a><\/p>\n","protected":false},"author":259,"featured_media":0,"comment_status":"open","ping_status":"","sticky":false,"template":"","format":"standard","meta":{"footnotes":""},"categories":[19],"tags":[],"class_list":["post-1194777","post","type-post","status-publish","format-standard","hentry","category-madeira-island-news","infinite-scroll-item","masonry-post","generate-columns","tablet-grid-50","mobile-grid-100","grid-parent","grid-33"],"_links":{"self":[{"href":"https:\/\/madeiraisland.news\/index.php?rest_route=\/wp\/v2\/posts\/1194777","targetHints":{"allow":["GET"]}}],"collection":[{"href":"https:\/\/madeiraisland.news\/index.php?rest_route=\/wp\/v2\/posts"}],"about":[{"href":"https:\/\/madeiraisland.news\/index.php?rest_route=\/wp\/v2\/types\/post"}],"author":[{"embeddable":true,"href":"https:\/\/madeiraisland.news\/index.php?rest_route=\/wp\/v2\/users\/259"}],"replies":[{"embeddable":true,"href":"https:\/\/madeiraisland.news\/index.php?rest_route=%2Fwp%2Fv2%2Fcomments&post=1194777"}],"version-history":[{"count":1,"href":"https:\/\/madeiraisland.news\/index.php?rest_route=\/wp\/v2\/posts\/1194777\/revisions"}],"predecessor-version":[{"id":1194778,"href":"https:\/\/madeiraisland.news\/index.php?rest_route=\/wp\/v2\/posts\/1194777\/revisions\/1194778"}],"wp:attachment":[{"href":"https:\/\/madeiraisland.news\/index.php?rest_route=%2Fwp%2Fv2%2Fmedia&parent=1194777"}],"wp:term":[{"taxonomy":"category","embeddable":true,"href":"https:\/\/madeiraisland.news\/index.php?rest_route=%2Fwp%2Fv2%2Fcategories&post=1194777"},{"taxonomy":"post_tag","embeddable":true,"href":"https:\/\/madeiraisland.news\/index.php?rest_route=%2Fwp%2Fv2%2Ftags&post=1194777"}],"curies":[{"name":"wp","href":"https:\/\/api.w.org\/{rel}","templated":true}]}}