{"id":1194775,"date":"2026-04-29T10:11:51","date_gmt":"2026-04-29T10:11:51","guid":{"rendered":"https:\/\/madeiraisland.news\/?p=1194775"},"modified":"2026-04-29T10:16:57","modified_gmt":"2026-04-29T10:16:57","slug":"25-de-abril-em-conferencia-hoje-na-biblioteca-municipal-do-funchal","status":"publish","type":"post","link":"https:\/\/madeiraisland.news\/?p=1194775","title":{"rendered":"25 de Abril em confer\u00eancia hoje na Biblioteca Municipal do Funchal"},"content":{"rendered":"<p>A Biblioteca Municipal do Funchal acolhe,\u00a0hoje, 29 de Abril, pelas 18:30, o investigador Bernardo Martins, que abordar\u00e1 o tema central do seu livro \u201cO 25 de Abril na Madeira: Tens\u00f5es sociais e pol\u00edticas em 1974-74, \u00e0 luz da imprensa regional\u201d, editado pela Imprensa Acad\u00e9mica em 2024. Neste aprofundado estudo, com cerca de 800 p\u00e1ginas, o [\u2026]<\/p>\n","protected":false},"excerpt":{"rendered":"<p>A Biblioteca Municipal do Funchal acolhe,\u00a0hoje, 29 de Abril, pelas 18:30, o investigador Bernardo Martins, que abordar\u00e1 o tema central &#8230; <\/p>\n<p class=\"read-more-container\"><a title=\"25 de Abril em confer\u00eancia hoje na Biblioteca Municipal do Funchal\" class=\"read-more button\" href=\"https:\/\/madeiraisland.news\/?p=1194775#more-1194775\" aria-label=\"Read more about 25 de Abril em confer\u00eancia hoje na Biblioteca Municipal do Funchal\">Read more<\/a><\/p>\n","protected":false},"author":259,"featured_media":0,"comment_status":"open","ping_status":"","sticky":false,"template":"","format":"standard","meta":{"footnotes":""},"categories":[19],"tags":[],"class_list":["post-1194775","post","type-post","status-publish","format-standard","hentry","category-madeira-island-news","infinite-scroll-item","masonry-post","generate-columns","tablet-grid-50","mobile-grid-100","grid-parent","grid-33"],"_links":{"self":[{"href":"https:\/\/madeiraisland.news\/index.php?rest_route=\/wp\/v2\/posts\/1194775","targetHints":{"allow":["GET"]}}],"collection":[{"href":"https:\/\/madeiraisland.news\/index.php?rest_route=\/wp\/v2\/posts"}],"about":[{"href":"https:\/\/madeiraisland.news\/index.php?rest_route=\/wp\/v2\/types\/post"}],"author":[{"embeddable":true,"href":"https:\/\/madeiraisland.news\/index.php?rest_route=\/wp\/v2\/users\/259"}],"replies":[{"embeddable":true,"href":"https:\/\/madeiraisland.news\/index.php?rest_route=%2Fwp%2Fv2%2Fcomments&post=1194775"}],"version-history":[{"count":1,"href":"https:\/\/madeiraisland.news\/index.php?rest_route=\/wp\/v2\/posts\/1194775\/revisions"}],"predecessor-version":[{"id":1194776,"href":"https:\/\/madeiraisland.news\/index.php?rest_route=\/wp\/v2\/posts\/1194775\/revisions\/1194776"}],"wp:attachment":[{"href":"https:\/\/madeiraisland.news\/index.php?rest_route=%2Fwp%2Fv2%2Fmedia&parent=1194775"}],"wp:term":[{"taxonomy":"category","embeddable":true,"href":"https:\/\/madeiraisland.news\/index.php?rest_route=%2Fwp%2Fv2%2Fcategories&post=1194775"},{"taxonomy":"post_tag","embeddable":true,"href":"https:\/\/madeiraisland.news\/index.php?rest_route=%2Fwp%2Fv2%2Ftags&post=1194775"}],"curies":[{"name":"wp","href":"https:\/\/api.w.org\/{rel}","templated":true}]}}