{"id":1194773,"date":"2026-04-29T09:38:50","date_gmt":"2026-04-29T09:38:50","guid":{"rendered":"https:\/\/madeiraisland.news\/?p=1194773"},"modified":"2026-04-29T09:52:55","modified_gmt":"2026-04-29T09:52:55","slug":"colisao-entre-viaturas-ligeiras-resulta-em-tres-feridos-em-camara-de-lobos","status":"publish","type":"post","link":"https:\/\/madeiraisland.news\/?p=1194773","title":{"rendered":"Colis\u00e3o entre viaturas ligeiras resulta em tr\u00eas feridos em C\u00e2mara de Lobos"},"content":{"rendered":"<p>Uma colis\u00e3o rodovi\u00e1ria, e envolver dois ve\u00edculos ligeiros, provocou tr\u00eas feridos ligeiros pelas 8h40 desta quarta-feira, 29 de Abril, na Estrada Jo\u00e3o Gon\u00e7alves Zarco, em C\u00e2mara de Lobos.<br \/>\nOs Bombeiros Volunt\u00e1rios de C\u00e2mara de Lobos deslocaram-se ao local com tr\u00eas ve\u00edculos , nomeadamente duas ambul\u00e2ncias e um ve\u00edculo de desencarceramento, e sete operacionais. \u00c0 chegada, os envolvidos j\u00e1 se encontravam no exterior das viaturas.<br \/>\nEntre os feridos, um dos sinistrados apresentava queixas na zona cervic<\/p>\n","protected":false},"excerpt":{"rendered":"<p>Uma colis\u00e3o rodovi\u00e1ria, e envolver dois ve\u00edculos ligeiros, provocou tr\u00eas feridos ligeiros pelas 8h40 desta quarta-feira, 29 de Abril, na &#8230; <\/p>\n<p class=\"read-more-container\"><a title=\"Colis\u00e3o entre viaturas ligeiras resulta em tr\u00eas feridos em C\u00e2mara de Lobos\" class=\"read-more button\" href=\"https:\/\/madeiraisland.news\/?p=1194773#more-1194773\" aria-label=\"Read more about Colis\u00e3o entre viaturas ligeiras resulta em tr\u00eas feridos em C\u00e2mara de Lobos\">Read more<\/a><\/p>\n","protected":false},"author":20,"featured_media":0,"comment_status":"open","ping_status":"","sticky":false,"template":"","format":"standard","meta":{"footnotes":""},"categories":[19],"tags":[],"class_list":["post-1194773","post","type-post","status-publish","format-standard","hentry","category-madeira-island-news","infinite-scroll-item","masonry-post","generate-columns","tablet-grid-50","mobile-grid-100","grid-parent","grid-33"],"_links":{"self":[{"href":"https:\/\/madeiraisland.news\/index.php?rest_route=\/wp\/v2\/posts\/1194773","targetHints":{"allow":["GET"]}}],"collection":[{"href":"https:\/\/madeiraisland.news\/index.php?rest_route=\/wp\/v2\/posts"}],"about":[{"href":"https:\/\/madeiraisland.news\/index.php?rest_route=\/wp\/v2\/types\/post"}],"author":[{"embeddable":true,"href":"https:\/\/madeiraisland.news\/index.php?rest_route=\/wp\/v2\/users\/20"}],"replies":[{"embeddable":true,"href":"https:\/\/madeiraisland.news\/index.php?rest_route=%2Fwp%2Fv2%2Fcomments&post=1194773"}],"version-history":[{"count":1,"href":"https:\/\/madeiraisland.news\/index.php?rest_route=\/wp\/v2\/posts\/1194773\/revisions"}],"predecessor-version":[{"id":1194774,"href":"https:\/\/madeiraisland.news\/index.php?rest_route=\/wp\/v2\/posts\/1194773\/revisions\/1194774"}],"wp:attachment":[{"href":"https:\/\/madeiraisland.news\/index.php?rest_route=%2Fwp%2Fv2%2Fmedia&parent=1194773"}],"wp:term":[{"taxonomy":"category","embeddable":true,"href":"https:\/\/madeiraisland.news\/index.php?rest_route=%2Fwp%2Fv2%2Fcategories&post=1194773"},{"taxonomy":"post_tag","embeddable":true,"href":"https:\/\/madeiraisland.news\/index.php?rest_route=%2Fwp%2Fv2%2Ftags&post=1194773"}],"curies":[{"name":"wp","href":"https:\/\/api.w.org\/{rel}","templated":true}]}}