{"id":1194771,"date":"2026-04-29T09:27:22","date_gmt":"2026-04-29T09:27:22","guid":{"rendered":"https:\/\/madeiraisland.news\/?p=1194771"},"modified":"2026-04-29T09:30:43","modified_gmt":"2026-04-29T09:30:43","slug":"mulher-ferida-em-queda-na-via-publica","status":"publish","type":"post","link":"https:\/\/madeiraisland.news\/?p=1194771","title":{"rendered":"Mulher ferida em queda na via p\u00fablica"},"content":{"rendered":"<p>Uma mulher sofreu, h\u00e1 instantes, uma queda na via p\u00fablica na Rua das Hortas, no Funchal, acabando por ficar ferida.\u00a0<br \/>\nA v\u00edtima, de 61 anos, est\u00e1 a ser socorrida pelos Bombeiros Volunt\u00e1rios Madeirenses e ser\u00e1 transportada ao Hospital Dr. N\u00e9lio Mendon\u00e7a, por apresentar uma suspeita de luxa\u00e7\u00e3o no ombro.\u00a0<\/p>\n","protected":false},"excerpt":{"rendered":"<p>Uma mulher sofreu, h\u00e1 instantes, uma queda na via p\u00fablica na Rua das Hortas, no Funchal, acabando por ficar ferida.\u00a0 &#8230; <\/p>\n<p class=\"read-more-container\"><a title=\"Mulher ferida em queda na via p\u00fablica\" class=\"read-more button\" href=\"https:\/\/madeiraisland.news\/?p=1194771#more-1194771\" aria-label=\"Read more about Mulher ferida em queda na via p\u00fablica\">Read more<\/a><\/p>\n","protected":false},"author":20,"featured_media":0,"comment_status":"open","ping_status":"","sticky":false,"template":"","format":"standard","meta":{"footnotes":""},"categories":[19],"tags":[],"class_list":["post-1194771","post","type-post","status-publish","format-standard","hentry","category-madeira-island-news","infinite-scroll-item","masonry-post","generate-columns","tablet-grid-50","mobile-grid-100","grid-parent","grid-33"],"_links":{"self":[{"href":"https:\/\/madeiraisland.news\/index.php?rest_route=\/wp\/v2\/posts\/1194771","targetHints":{"allow":["GET"]}}],"collection":[{"href":"https:\/\/madeiraisland.news\/index.php?rest_route=\/wp\/v2\/posts"}],"about":[{"href":"https:\/\/madeiraisland.news\/index.php?rest_route=\/wp\/v2\/types\/post"}],"author":[{"embeddable":true,"href":"https:\/\/madeiraisland.news\/index.php?rest_route=\/wp\/v2\/users\/20"}],"replies":[{"embeddable":true,"href":"https:\/\/madeiraisland.news\/index.php?rest_route=%2Fwp%2Fv2%2Fcomments&post=1194771"}],"version-history":[{"count":1,"href":"https:\/\/madeiraisland.news\/index.php?rest_route=\/wp\/v2\/posts\/1194771\/revisions"}],"predecessor-version":[{"id":1194772,"href":"https:\/\/madeiraisland.news\/index.php?rest_route=\/wp\/v2\/posts\/1194771\/revisions\/1194772"}],"wp:attachment":[{"href":"https:\/\/madeiraisland.news\/index.php?rest_route=%2Fwp%2Fv2%2Fmedia&parent=1194771"}],"wp:term":[{"taxonomy":"category","embeddable":true,"href":"https:\/\/madeiraisland.news\/index.php?rest_route=%2Fwp%2Fv2%2Fcategories&post=1194771"},{"taxonomy":"post_tag","embeddable":true,"href":"https:\/\/madeiraisland.news\/index.php?rest_route=%2Fwp%2Fv2%2Ftags&post=1194771"}],"curies":[{"name":"wp","href":"https:\/\/api.w.org\/{rel}","templated":true}]}}