{"id":1194768,"date":"2026-04-29T09:02:42","date_gmt":"2026-04-29T09:02:42","guid":{"rendered":"https:\/\/madeiraisland.news\/?p=1194768"},"modified":"2026-04-29T09:22:41","modified_gmt":"2026-04-29T09:22:41","slug":"negocio-das-rent-a-car-nos-acores-cai-30-um-mes-apos-saida-da-ryanair","status":"publish","type":"post","link":"https:\/\/madeiraisland.news\/?p=1194768","title":{"rendered":"Neg\u00f3cio das rent-a-car nos A\u00e7ores cai 30% um m\u00eas ap\u00f3s sa\u00edda da Ryanair"},"content":{"rendered":"<p>O representante nas Regi\u00f5es Aut\u00f3nomas dos A\u00e7ores e da Madeira da Associa\u00e7\u00e3o Nacional dos Locadores de Ve\u00edculos (ARAC) alertou para uma quebra de 30% na procura por viaturas de aluguer ap\u00f3s a sa\u00edda da Ryanair do arquip\u00e9lago a\u00e7oriano.<br \/>\n&#8220;Sem d\u00favida que h\u00e1 uma quebra, estimada em 30% face ao mesmo per\u00edodo do ano passado. Este m\u00eas de abril est\u00e1 a ser mais fraco e estamos a sentir efetivamente a falta da Ryanair. Isto \u00e9 not\u00f3rio&#8221;, disse Lu\u00eds Rego \u00e0 ag\u00eancia Lusa.<br \/>\nA companhia a\u00e9rea de baixo custo Ryanair <\/p>\n","protected":false},"excerpt":{"rendered":"<p>O representante nas Regi\u00f5es Aut\u00f3nomas dos A\u00e7ores e da Madeira da Associa\u00e7\u00e3o Nacional dos Locadores de Ve\u00edculos (ARAC) alertou para uma quebra de 30% na procura por viaturas de aluguer ap\u00f3s a sa\u00edda da Ryanair<\/p>\n","protected":false},"author":5,"featured_media":0,"comment_status":"open","ping_status":"","sticky":false,"template":"","format":"standard","meta":{"footnotes":""},"categories":[19],"tags":[],"class_list":["post-1194768","post","type-post","status-publish","format-standard","hentry","category-madeira-island-news","infinite-scroll-item","masonry-post","generate-columns","tablet-grid-50","mobile-grid-100","grid-parent","grid-33"],"_links":{"self":[{"href":"https:\/\/madeiraisland.news\/index.php?rest_route=\/wp\/v2\/posts\/1194768","targetHints":{"allow":["GET"]}}],"collection":[{"href":"https:\/\/madeiraisland.news\/index.php?rest_route=\/wp\/v2\/posts"}],"about":[{"href":"https:\/\/madeiraisland.news\/index.php?rest_route=\/wp\/v2\/types\/post"}],"author":[{"embeddable":true,"href":"https:\/\/madeiraisland.news\/index.php?rest_route=\/wp\/v2\/users\/5"}],"replies":[{"embeddable":true,"href":"https:\/\/madeiraisland.news\/index.php?rest_route=%2Fwp%2Fv2%2Fcomments&post=1194768"}],"version-history":[{"count":2,"href":"https:\/\/madeiraisland.news\/index.php?rest_route=\/wp\/v2\/posts\/1194768\/revisions"}],"predecessor-version":[{"id":1194770,"href":"https:\/\/madeiraisland.news\/index.php?rest_route=\/wp\/v2\/posts\/1194768\/revisions\/1194770"}],"wp:attachment":[{"href":"https:\/\/madeiraisland.news\/index.php?rest_route=%2Fwp%2Fv2%2Fmedia&parent=1194768"}],"wp:term":[{"taxonomy":"category","embeddable":true,"href":"https:\/\/madeiraisland.news\/index.php?rest_route=%2Fwp%2Fv2%2Fcategories&post=1194768"},{"taxonomy":"post_tag","embeddable":true,"href":"https:\/\/madeiraisland.news\/index.php?rest_route=%2Fwp%2Fv2%2Ftags&post=1194768"}],"curies":[{"name":"wp","href":"https:\/\/api.w.org\/{rel}","templated":true}]}}