{"id":1194765,"date":"2026-04-29T08:06:49","date_gmt":"2026-04-29T08:06:49","guid":{"rendered":"https:\/\/madeiraisland.news\/?p=1194765"},"modified":"2026-04-29T08:19:55","modified_gmt":"2026-04-29T08:19:55","slug":"francisco-gomes-acusa-associacoes-tvde-de-cumplicidade-no-descontrolo-do-sector","status":"publish","type":"post","link":"https:\/\/madeiraisland.news\/?p=1194765","title":{"rendered":"Francisco Gomes acusa associa\u00e7\u00f5es TVDE de &#8220;cumplicidade&#8221; no &#8220;descontrolo&#8221; do sector"},"content":{"rendered":"<p>O deputado madeirense do Chega (CH) Francisco Gomes voltou hoje ao ataque contra o sector TVDE, acusando as suas associa\u00e7\u00f5es representativas de &#8220;cumplicidade&#8221; na degrada\u00e7\u00e3o do transporte individual de passageiros em Portugal. As declara\u00e7\u00f5es foram proferidas durante uma audi\u00e7\u00e3o na Comiss\u00e3o de Infraestruturas e Mobilidade da Assembleia da Rep\u00fablica, no \u00e2mbito da revis\u00e3o da Lei dos TVDE, onde Francisco Gomes \u00e9 coordenador do grupo parlamentar do CH.<br \/>\nSegundo o deputado, v\u00e1rias associa\u00e7\u00f5es recusam re<\/p>\n","protected":false},"excerpt":{"rendered":"<p>O deputado madeirense do Chega (CH) Francisco Gomes voltou hoje ao ataque contra o sector TVDE, acusando as suas associa\u00e7\u00f5es representativas de &#8220;cumplicidade&#8221; na degrada\u00e7\u00e3o do transporte individual de passageiros em Portugal. As declara\u00e7\u00f5es foram<\/p>\n","protected":false},"author":3,"featured_media":0,"comment_status":"open","ping_status":"","sticky":false,"template":"","format":"standard","meta":{"footnotes":""},"categories":[19],"tags":[],"class_list":["post-1194765","post","type-post","status-publish","format-standard","hentry","category-madeira-island-news","infinite-scroll-item","masonry-post","generate-columns","tablet-grid-50","mobile-grid-100","grid-parent","grid-33"],"_links":{"self":[{"href":"https:\/\/madeiraisland.news\/index.php?rest_route=\/wp\/v2\/posts\/1194765","targetHints":{"allow":["GET"]}}],"collection":[{"href":"https:\/\/madeiraisland.news\/index.php?rest_route=\/wp\/v2\/posts"}],"about":[{"href":"https:\/\/madeiraisland.news\/index.php?rest_route=\/wp\/v2\/types\/post"}],"author":[{"embeddable":true,"href":"https:\/\/madeiraisland.news\/index.php?rest_route=\/wp\/v2\/users\/3"}],"replies":[{"embeddable":true,"href":"https:\/\/madeiraisland.news\/index.php?rest_route=%2Fwp%2Fv2%2Fcomments&post=1194765"}],"version-history":[{"count":2,"href":"https:\/\/madeiraisland.news\/index.php?rest_route=\/wp\/v2\/posts\/1194765\/revisions"}],"predecessor-version":[{"id":1194767,"href":"https:\/\/madeiraisland.news\/index.php?rest_route=\/wp\/v2\/posts\/1194765\/revisions\/1194767"}],"wp:attachment":[{"href":"https:\/\/madeiraisland.news\/index.php?rest_route=%2Fwp%2Fv2%2Fmedia&parent=1194765"}],"wp:term":[{"taxonomy":"category","embeddable":true,"href":"https:\/\/madeiraisland.news\/index.php?rest_route=%2Fwp%2Fv2%2Fcategories&post=1194765"},{"taxonomy":"post_tag","embeddable":true,"href":"https:\/\/madeiraisland.news\/index.php?rest_route=%2Fwp%2Fv2%2Ftags&post=1194765"}],"curies":[{"name":"wp","href":"https:\/\/api.w.org\/{rel}","templated":true}]}}