{"id":1194748,"date":"2026-04-29T01:22:00","date_gmt":"2026-04-29T01:22:00","guid":{"rendered":"https:\/\/madeiraisland.news\/?p=1194748"},"modified":"2026-04-29T01:54:08","modified_gmt":"2026-04-29T01:54:08","slug":"67-dos-profissionais-de-saude-defendem-revisao-do-programa-nacional-vacinacao","status":"publish","type":"post","link":"https:\/\/madeiraisland.news\/?p=1194748","title":{"rendered":"67% dos profissionais de sa\u00fade defendem revis\u00e3o do Programa Nacional Vacina\u00e7\u00e3o"},"content":{"rendered":"<p>Dois em cada tr\u00eas profissionais de sa\u00fade que participaram num estudo hoje apresentado sobre o Programa Nacional de Vacina\u00e7\u00e3o (PNV) defendem a sua revis\u00e3o, para acompanhar as necessidades de sa\u00fade de uma popula\u00e7\u00e3o cada vez mais envelhecida.<br \/>\nO estudo, apresentado pela Apifarma &#8211; Associa\u00e7\u00e3o Portuguesa da Ind\u00fastria Farmac\u00eautica, mostra que se mant\u00e9m um consenso alargado sobre o papel da vacina\u00e7\u00e3o na sa\u00fade p\u00fablica, na preven\u00e7\u00e3o ao longo da vida e na prote\u00e7\u00e3o individual e coletiva, mas h\u00e1 alguns alert<\/p>\n","protected":false},"excerpt":{"rendered":"<p>Dois em cada tr\u00eas profissionais de sa\u00fade que participaram num estudo hoje apresentado sobre o Programa Nacional de Vacina\u00e7\u00e3o (PNV) defendem a sua revis\u00e3o, para acompanhar as necessidades de sa\u00fade de uma popula\u00e7\u00e3o cada vez<\/p>\n","protected":false},"author":5,"featured_media":0,"comment_status":"open","ping_status":"","sticky":false,"template":"","format":"standard","meta":{"footnotes":""},"categories":[19],"tags":[],"class_list":["post-1194748","post","type-post","status-publish","format-standard","hentry","category-madeira-island-news","infinite-scroll-item","masonry-post","generate-columns","tablet-grid-50","mobile-grid-100","grid-parent","grid-33"],"_links":{"self":[{"href":"https:\/\/madeiraisland.news\/index.php?rest_route=\/wp\/v2\/posts\/1194748","targetHints":{"allow":["GET"]}}],"collection":[{"href":"https:\/\/madeiraisland.news\/index.php?rest_route=\/wp\/v2\/posts"}],"about":[{"href":"https:\/\/madeiraisland.news\/index.php?rest_route=\/wp\/v2\/types\/post"}],"author":[{"embeddable":true,"href":"https:\/\/madeiraisland.news\/index.php?rest_route=\/wp\/v2\/users\/5"}],"replies":[{"embeddable":true,"href":"https:\/\/madeiraisland.news\/index.php?rest_route=%2Fwp%2Fv2%2Fcomments&post=1194748"}],"version-history":[{"count":2,"href":"https:\/\/madeiraisland.news\/index.php?rest_route=\/wp\/v2\/posts\/1194748\/revisions"}],"predecessor-version":[{"id":1194750,"href":"https:\/\/madeiraisland.news\/index.php?rest_route=\/wp\/v2\/posts\/1194748\/revisions\/1194750"}],"wp:attachment":[{"href":"https:\/\/madeiraisland.news\/index.php?rest_route=%2Fwp%2Fv2%2Fmedia&parent=1194748"}],"wp:term":[{"taxonomy":"category","embeddable":true,"href":"https:\/\/madeiraisland.news\/index.php?rest_route=%2Fwp%2Fv2%2Fcategories&post=1194748"},{"taxonomy":"post_tag","embeddable":true,"href":"https:\/\/madeiraisland.news\/index.php?rest_route=%2Fwp%2Fv2%2Ftags&post=1194748"}],"curies":[{"name":"wp","href":"https:\/\/api.w.org\/{rel}","templated":true}]}}