{"id":1194741,"date":"2026-04-28T21:32:21","date_gmt":"2026-04-28T21:32:21","guid":{"rendered":"https:\/\/madeiraisland.news\/?p=1194741"},"modified":"2026-04-28T21:32:57","modified_gmt":"2026-04-28T21:32:57","slug":"novo-representante-da-republica-recebe-embaixadora-da-hungria-a-30-de-abril","status":"publish","type":"post","link":"https:\/\/madeiraisland.news\/?p=1194741","title":{"rendered":"Novo Representante da Rep\u00fablica recebe Embaixadora da Hungria a 30 de abril"},"content":{"rendered":"<p>O Representante da Rep\u00fablica para a Regi\u00e3o Aut\u00f3noma da Madeira, Juiz Desembargador Paulo Barreto, recebe no dia 30 de abril, pelas 15h, no Pal\u00e1cio de S\u00e3o Louren\u00e7o, em audi\u00eancia, a Embaixadora da Hungria em Portugal, Em\u00edlia F\u00e1bi\u00e1n.<\/p>\n","protected":false},"excerpt":{"rendered":"<p>O Representante da Rep\u00fablica para a Regi\u00e3o Aut\u00f3noma da Madeira, Juiz Desembargador Paulo Barreto, recebe no dia 30 de abril, &#8230; <\/p>\n<p class=\"read-more-container\"><a title=\"Novo Representante da Rep\u00fablica recebe Embaixadora da Hungria a 30 de abril\" class=\"read-more button\" href=\"https:\/\/madeiraisland.news\/?p=1194741#more-1194741\" aria-label=\"Read more about Novo Representante da Rep\u00fablica recebe Embaixadora da Hungria a 30 de abril\">Read more<\/a><\/p>\n","protected":false},"author":259,"featured_media":0,"comment_status":"open","ping_status":"","sticky":false,"template":"","format":"standard","meta":{"footnotes":""},"categories":[19],"tags":[],"class_list":["post-1194741","post","type-post","status-publish","format-standard","hentry","category-madeira-island-news","infinite-scroll-item","masonry-post","generate-columns","tablet-grid-50","mobile-grid-100","grid-parent","grid-33"],"_links":{"self":[{"href":"https:\/\/madeiraisland.news\/index.php?rest_route=\/wp\/v2\/posts\/1194741","targetHints":{"allow":["GET"]}}],"collection":[{"href":"https:\/\/madeiraisland.news\/index.php?rest_route=\/wp\/v2\/posts"}],"about":[{"href":"https:\/\/madeiraisland.news\/index.php?rest_route=\/wp\/v2\/types\/post"}],"author":[{"embeddable":true,"href":"https:\/\/madeiraisland.news\/index.php?rest_route=\/wp\/v2\/users\/259"}],"replies":[{"embeddable":true,"href":"https:\/\/madeiraisland.news\/index.php?rest_route=%2Fwp%2Fv2%2Fcomments&post=1194741"}],"version-history":[{"count":1,"href":"https:\/\/madeiraisland.news\/index.php?rest_route=\/wp\/v2\/posts\/1194741\/revisions"}],"predecessor-version":[{"id":1194742,"href":"https:\/\/madeiraisland.news\/index.php?rest_route=\/wp\/v2\/posts\/1194741\/revisions\/1194742"}],"wp:attachment":[{"href":"https:\/\/madeiraisland.news\/index.php?rest_route=%2Fwp%2Fv2%2Fmedia&parent=1194741"}],"wp:term":[{"taxonomy":"category","embeddable":true,"href":"https:\/\/madeiraisland.news\/index.php?rest_route=%2Fwp%2Fv2%2Fcategories&post=1194741"},{"taxonomy":"post_tag","embeddable":true,"href":"https:\/\/madeiraisland.news\/index.php?rest_route=%2Fwp%2Fv2%2Ftags&post=1194741"}],"curies":[{"name":"wp","href":"https:\/\/api.w.org\/{rel}","templated":true}]}}