{"id":1194738,"date":"2026-04-28T19:52:46","date_gmt":"2026-04-28T19:52:46","guid":{"rendered":"https:\/\/madeiraisland.news\/?p=1194738"},"modified":"2026-04-28T19:59:37","modified_gmt":"2026-04-28T19:59:37","slug":"ptrr-contempla-regime-juridico-e-apoios-para-gestao-de-calamidades","status":"publish","type":"post","link":"https:\/\/madeiraisland.news\/?p=1194738","title":{"rendered":"PTRR contempla regime jur\u00eddico e apoios para gest\u00e3o de calamidades"},"content":{"rendered":"<p>O Governo vai criar um regime jur\u00eddico de gest\u00e3o de calamidades, para maior rapidez de a\u00e7\u00e3o em caso de crise, prevendo medidas como cercas sanit\u00e1rias e de prote\u00e7\u00e3o dos consumidores contra especula\u00e7\u00e3o e a\u00e7ambarcamento.<br \/>\nA medida consta do programa Portugal Transforma\u00e7\u00e3o, Recupera\u00e7\u00e3o e Resili\u00eancia (PTRR), hoje apresentado pelo primeiro ministro no Pavilh\u00e3o de Portugal, em Lisboa.<br \/>\nSegundo o documento divulgado pelo governo, vai ser criada a Carta dos Direitos dos Consumidores em Situa\u00e7\u00e3o de Cat\u00e1stro<\/p>\n","protected":false},"excerpt":{"rendered":"<p>O Governo vai criar um regime jur\u00eddico de gest\u00e3o de calamidades, para maior rapidez de a\u00e7\u00e3o em caso de crise, prevendo medidas como cercas sanit\u00e1rias e de prote\u00e7\u00e3o dos consumidores contra especula\u00e7\u00e3o e a\u00e7ambarcamento. A<\/p>\n","protected":false},"author":5,"featured_media":0,"comment_status":"open","ping_status":"","sticky":false,"template":"","format":"standard","meta":{"footnotes":""},"categories":[19],"tags":[],"class_list":["post-1194738","post","type-post","status-publish","format-standard","hentry","category-madeira-island-news","infinite-scroll-item","masonry-post","generate-columns","tablet-grid-50","mobile-grid-100","grid-parent","grid-33"],"_links":{"self":[{"href":"https:\/\/madeiraisland.news\/index.php?rest_route=\/wp\/v2\/posts\/1194738","targetHints":{"allow":["GET"]}}],"collection":[{"href":"https:\/\/madeiraisland.news\/index.php?rest_route=\/wp\/v2\/posts"}],"about":[{"href":"https:\/\/madeiraisland.news\/index.php?rest_route=\/wp\/v2\/types\/post"}],"author":[{"embeddable":true,"href":"https:\/\/madeiraisland.news\/index.php?rest_route=\/wp\/v2\/users\/5"}],"replies":[{"embeddable":true,"href":"https:\/\/madeiraisland.news\/index.php?rest_route=%2Fwp%2Fv2%2Fcomments&post=1194738"}],"version-history":[{"count":2,"href":"https:\/\/madeiraisland.news\/index.php?rest_route=\/wp\/v2\/posts\/1194738\/revisions"}],"predecessor-version":[{"id":1194740,"href":"https:\/\/madeiraisland.news\/index.php?rest_route=\/wp\/v2\/posts\/1194738\/revisions\/1194740"}],"wp:attachment":[{"href":"https:\/\/madeiraisland.news\/index.php?rest_route=%2Fwp%2Fv2%2Fmedia&parent=1194738"}],"wp:term":[{"taxonomy":"category","embeddable":true,"href":"https:\/\/madeiraisland.news\/index.php?rest_route=%2Fwp%2Fv2%2Fcategories&post=1194738"},{"taxonomy":"post_tag","embeddable":true,"href":"https:\/\/madeiraisland.news\/index.php?rest_route=%2Fwp%2Fv2%2Ftags&post=1194738"}],"curies":[{"name":"wp","href":"https:\/\/api.w.org\/{rel}","templated":true}]}}