{"id":1194729,"date":"2026-04-28T19:30:31","date_gmt":"2026-04-28T19:30:31","guid":{"rendered":"https:\/\/madeiraisland.news\/?p=1194729"},"modified":"2026-04-28T19:51:10","modified_gmt":"2026-04-28T19:51:10","slug":"ptrr-preve-500-milhoes-de-euros-para-armazenamento-de-energia","status":"publish","type":"post","link":"https:\/\/madeiraisland.news\/?p=1194729","title":{"rendered":"PTRR prev\u00ea 500 milh\u00f5es de euros para armazenamento de energia"},"content":{"rendered":"<p>O Governo prev\u00ea pelo menos 4.663 milh\u00f5es de euros para o setor da energia no PTRR, incluindo 500 milh\u00f5es para refor\u00e7ar o armazenamento el\u00e9trico, sobretudo h\u00eddrico, atrav\u00e9s de sistemas de bombagem.<br \/>\nA medida dedicada ao armazenamento tem &#8220;particular enfoque no armazenamento h\u00eddrico atrav\u00e9s de sistemas de bombagem&#8221;, atendendo \u00e0 sua &#8220;relev\u00e2ncia estrutural para a gest\u00e3o de grandes volumes de energia renov\u00e1vel&#8221;, segundo o documento do programa Portugal Transforma\u00e7\u00e3o, Recupera\u00e7\u00e3o e Resili\u00eancia (PTRR).<\/p>\n","protected":false},"excerpt":{"rendered":"<p>O Governo prev\u00ea pelo menos 4.663 milh\u00f5es de euros para o setor da energia no PTRR, incluindo 500 milh\u00f5es para refor\u00e7ar o armazenamento el\u00e9trico, sobretudo h\u00eddrico, atrav\u00e9s de sistemas de bombagem. A medida dedicada ao<\/p>\n","protected":false},"author":5,"featured_media":0,"comment_status":"open","ping_status":"","sticky":false,"template":"","format":"standard","meta":{"footnotes":""},"categories":[19],"tags":[],"class_list":["post-1194729","post","type-post","status-publish","format-standard","hentry","category-madeira-island-news","infinite-scroll-item","masonry-post","generate-columns","tablet-grid-50","mobile-grid-100","grid-parent","grid-33"],"_links":{"self":[{"href":"https:\/\/madeiraisland.news\/index.php?rest_route=\/wp\/v2\/posts\/1194729","targetHints":{"allow":["GET"]}}],"collection":[{"href":"https:\/\/madeiraisland.news\/index.php?rest_route=\/wp\/v2\/posts"}],"about":[{"href":"https:\/\/madeiraisland.news\/index.php?rest_route=\/wp\/v2\/types\/post"}],"author":[{"embeddable":true,"href":"https:\/\/madeiraisland.news\/index.php?rest_route=\/wp\/v2\/users\/5"}],"replies":[{"embeddable":true,"href":"https:\/\/madeiraisland.news\/index.php?rest_route=%2Fwp%2Fv2%2Fcomments&post=1194729"}],"version-history":[{"count":2,"href":"https:\/\/madeiraisland.news\/index.php?rest_route=\/wp\/v2\/posts\/1194729\/revisions"}],"predecessor-version":[{"id":1194731,"href":"https:\/\/madeiraisland.news\/index.php?rest_route=\/wp\/v2\/posts\/1194729\/revisions\/1194731"}],"wp:attachment":[{"href":"https:\/\/madeiraisland.news\/index.php?rest_route=%2Fwp%2Fv2%2Fmedia&parent=1194729"}],"wp:term":[{"taxonomy":"category","embeddable":true,"href":"https:\/\/madeiraisland.news\/index.php?rest_route=%2Fwp%2Fv2%2Fcategories&post=1194729"},{"taxonomy":"post_tag","embeddable":true,"href":"https:\/\/madeiraisland.news\/index.php?rest_route=%2Fwp%2Fv2%2Ftags&post=1194729"}],"curies":[{"name":"wp","href":"https:\/\/api.w.org\/{rel}","templated":true}]}}