{"id":1194727,"date":"2026-04-28T19:23:27","date_gmt":"2026-04-28T19:23:27","guid":{"rendered":"https:\/\/madeiraisland.news\/?p=1194727"},"modified":"2026-04-28T19:51:09","modified_gmt":"2026-04-28T19:51:09","slug":"jpp-no-funchal-vai-propor-voto-de-saudacao-pelos-52-anos-do-25-de-abril","status":"publish","type":"post","link":"https:\/\/madeiraisland.news\/?p=1194727","title":{"rendered":"JPP no Funchal vai prop\u00f4r voto de sauda\u00e7\u00e3o pelos 52 anos do 25 de Abril"},"content":{"rendered":"<p>O Grupo Municipal do Juntos Pelo Povo (JPP) na Assembleia Municipal do Funchal vai propor que seja aprovado um voto de sauda\u00e7\u00e3o pelos 52 anos do 25 de Abril, para \u201creiterar o papel das autarquias locais como motor de pol\u00edticas p\u00fablicas de proximidade, sublinhar a import\u00e2ncia da celebra\u00e7\u00e3o desta data como express\u00e3o de mem\u00f3ria colectiva [\u2026]<\/p>\n","protected":false},"excerpt":{"rendered":"<p>O Grupo Municipal do Juntos Pelo Povo (JPP) na Assembleia Municipal do Funchal vai propor que seja aprovado um voto &#8230; <\/p>\n<p class=\"read-more-container\"><a title=\"JPP no Funchal vai prop\u00f4r voto de sauda\u00e7\u00e3o pelos 52 anos do 25 de Abril\" class=\"read-more button\" href=\"https:\/\/madeiraisland.news\/?p=1194727#more-1194727\" aria-label=\"Read more about JPP no Funchal vai prop\u00f4r voto de sauda\u00e7\u00e3o pelos 52 anos do 25 de Abril\">Read more<\/a><\/p>\n","protected":false},"author":258,"featured_media":0,"comment_status":"open","ping_status":"","sticky":false,"template":"","format":"standard","meta":{"footnotes":""},"categories":[19],"tags":[],"class_list":["post-1194727","post","type-post","status-publish","format-standard","hentry","category-madeira-island-news","infinite-scroll-item","masonry-post","generate-columns","tablet-grid-50","mobile-grid-100","grid-parent","grid-33"],"_links":{"self":[{"href":"https:\/\/madeiraisland.news\/index.php?rest_route=\/wp\/v2\/posts\/1194727","targetHints":{"allow":["GET"]}}],"collection":[{"href":"https:\/\/madeiraisland.news\/index.php?rest_route=\/wp\/v2\/posts"}],"about":[{"href":"https:\/\/madeiraisland.news\/index.php?rest_route=\/wp\/v2\/types\/post"}],"author":[{"embeddable":true,"href":"https:\/\/madeiraisland.news\/index.php?rest_route=\/wp\/v2\/users\/258"}],"replies":[{"embeddable":true,"href":"https:\/\/madeiraisland.news\/index.php?rest_route=%2Fwp%2Fv2%2Fcomments&post=1194727"}],"version-history":[{"count":1,"href":"https:\/\/madeiraisland.news\/index.php?rest_route=\/wp\/v2\/posts\/1194727\/revisions"}],"predecessor-version":[{"id":1194728,"href":"https:\/\/madeiraisland.news\/index.php?rest_route=\/wp\/v2\/posts\/1194727\/revisions\/1194728"}],"wp:attachment":[{"href":"https:\/\/madeiraisland.news\/index.php?rest_route=%2Fwp%2Fv2%2Fmedia&parent=1194727"}],"wp:term":[{"taxonomy":"category","embeddable":true,"href":"https:\/\/madeiraisland.news\/index.php?rest_route=%2Fwp%2Fv2%2Fcategories&post=1194727"},{"taxonomy":"post_tag","embeddable":true,"href":"https:\/\/madeiraisland.news\/index.php?rest_route=%2Fwp%2Fv2%2Ftags&post=1194727"}],"curies":[{"name":"wp","href":"https:\/\/api.w.org\/{rel}","templated":true}]}}