{"id":1194723,"date":"2026-04-28T19:02:59","date_gmt":"2026-04-28T19:02:59","guid":{"rendered":"https:\/\/madeiraisland.news\/?p=1194723"},"modified":"2026-04-28T19:07:44","modified_gmt":"2026-04-28T19:07:44","slug":"aerobus-lamentavelmente-nao-seguiu-a-evolucao-do-siga","status":"publish","type":"post","link":"https:\/\/madeiraisland.news\/?p=1194723","title":{"rendered":"\u201cAerobus\u201d lamentavelmente n\u00e3o seguiu a evolu\u00e7\u00e3o do SIGA"},"content":{"rendered":"<p>Rui Marote O \u201cAerobus\u201d da Praia Formosa-Aeroporto n\u00e3o acompanhou a revolu\u00e7\u00e3o rodovi\u00e1ria do SIGA. O Aerobus \u00e9 o principal servi\u00e7o de autocarro que liga o aeroporto internacional da Madeira Cristiano Ronaldo (FNC) ao Funchal, especificamente \u00e0 zona da Praia Formosa, com paragens pr\u00f3ximas de diversos hot\u00e9is na Estrada Monumental, Lido, F\u00f3rum Madeira e tamb\u00e9m centro [\u2026]<\/p>\n","protected":false},"excerpt":{"rendered":"<p>Rui Marote O \u201cAerobus\u201d da Praia Formosa-Aeroporto n\u00e3o acompanhou a revolu\u00e7\u00e3o rodovi\u00e1ria do SIGA. O Aerobus \u00e9 o principal servi\u00e7o &#8230; <\/p>\n<p class=\"read-more-container\"><a title=\"\u201cAerobus\u201d lamentavelmente n\u00e3o seguiu a evolu\u00e7\u00e3o do SIGA\" class=\"read-more button\" href=\"https:\/\/madeiraisland.news\/?p=1194723#more-1194723\" aria-label=\"Read more about \u201cAerobus\u201d lamentavelmente n\u00e3o seguiu a evolu\u00e7\u00e3o do SIGA\">Read more<\/a><\/p>\n","protected":false},"author":260,"featured_media":0,"comment_status":"open","ping_status":"","sticky":false,"template":"","format":"standard","meta":{"footnotes":""},"categories":[19],"tags":[],"class_list":["post-1194723","post","type-post","status-publish","format-standard","hentry","category-madeira-island-news","infinite-scroll-item","masonry-post","generate-columns","tablet-grid-50","mobile-grid-100","grid-parent","grid-33"],"_links":{"self":[{"href":"https:\/\/madeiraisland.news\/index.php?rest_route=\/wp\/v2\/posts\/1194723","targetHints":{"allow":["GET"]}}],"collection":[{"href":"https:\/\/madeiraisland.news\/index.php?rest_route=\/wp\/v2\/posts"}],"about":[{"href":"https:\/\/madeiraisland.news\/index.php?rest_route=\/wp\/v2\/types\/post"}],"author":[{"embeddable":true,"href":"https:\/\/madeiraisland.news\/index.php?rest_route=\/wp\/v2\/users\/260"}],"replies":[{"embeddable":true,"href":"https:\/\/madeiraisland.news\/index.php?rest_route=%2Fwp%2Fv2%2Fcomments&post=1194723"}],"version-history":[{"count":1,"href":"https:\/\/madeiraisland.news\/index.php?rest_route=\/wp\/v2\/posts\/1194723\/revisions"}],"predecessor-version":[{"id":1194724,"href":"https:\/\/madeiraisland.news\/index.php?rest_route=\/wp\/v2\/posts\/1194723\/revisions\/1194724"}],"wp:attachment":[{"href":"https:\/\/madeiraisland.news\/index.php?rest_route=%2Fwp%2Fv2%2Fmedia&parent=1194723"}],"wp:term":[{"taxonomy":"category","embeddable":true,"href":"https:\/\/madeiraisland.news\/index.php?rest_route=%2Fwp%2Fv2%2Fcategories&post=1194723"},{"taxonomy":"post_tag","embeddable":true,"href":"https:\/\/madeiraisland.news\/index.php?rest_route=%2Fwp%2Fv2%2Ftags&post=1194723"}],"curies":[{"name":"wp","href":"https:\/\/api.w.org\/{rel}","templated":true}]}}