{"id":1194720,"date":"2026-04-28T18:34:21","date_gmt":"2026-04-28T18:34:21","guid":{"rendered":"https:\/\/madeiraisland.news\/?p=1194720"},"modified":"2026-04-28T18:52:27","modified_gmt":"2026-04-28T18:52:27","slug":"il-pcp-e-be-acusam-governo-de-propaganda-com-ptrr-e-livre-elogia-agencia-especializada","status":"publish","type":"post","link":"https:\/\/madeiraisland.news\/?p=1194720","title":{"rendered":"IL, PCP e BE acusam Governo de propaganda com PTRR e Livre elogia ag\u00eancia especializada"},"content":{"rendered":"<p>IL, PCP e BE acusaram hoje o Governo de fazer um n\u00famero de propaganda com a apresenta\u00e7\u00e3o do PTRR, enquanto o Livre elogiou a iniciativa de criar uma ag\u00eancia especializada tempor\u00e1ria para coordenar a execu\u00e7\u00e3o das medidas.<br \/>\nEstas posi\u00e7\u00f5es foram assumidas na Assembleia da Rep\u00fablica em declara\u00e7\u00f5es aos jornalistas ap\u00f3s a apresenta\u00e7\u00e3o, pelo primeiro-ministro, da vers\u00e3o final do programa &#8220;Portugal Transforma\u00e7\u00e3o, Recupera\u00e7\u00e3o e Resili\u00eancia&#8221; (PTRR).<br \/>\nA presidente da IL acusou o executivo de ser um &#8220;Governo <\/p>\n","protected":false},"excerpt":{"rendered":"<p>IL, PCP e BE acusaram hoje o Governo de fazer um n\u00famero de propaganda com a apresenta\u00e7\u00e3o do PTRR, enquanto o Livre elogiou a iniciativa de criar uma ag\u00eancia especializada tempor\u00e1ria para coordenar a execu\u00e7\u00e3o<\/p>\n","protected":false},"author":5,"featured_media":0,"comment_status":"open","ping_status":"","sticky":false,"template":"","format":"standard","meta":{"footnotes":""},"categories":[19],"tags":[],"class_list":["post-1194720","post","type-post","status-publish","format-standard","hentry","category-madeira-island-news","infinite-scroll-item","masonry-post","generate-columns","tablet-grid-50","mobile-grid-100","grid-parent","grid-33"],"_links":{"self":[{"href":"https:\/\/madeiraisland.news\/index.php?rest_route=\/wp\/v2\/posts\/1194720","targetHints":{"allow":["GET"]}}],"collection":[{"href":"https:\/\/madeiraisland.news\/index.php?rest_route=\/wp\/v2\/posts"}],"about":[{"href":"https:\/\/madeiraisland.news\/index.php?rest_route=\/wp\/v2\/types\/post"}],"author":[{"embeddable":true,"href":"https:\/\/madeiraisland.news\/index.php?rest_route=\/wp\/v2\/users\/5"}],"replies":[{"embeddable":true,"href":"https:\/\/madeiraisland.news\/index.php?rest_route=%2Fwp%2Fv2%2Fcomments&post=1194720"}],"version-history":[{"count":2,"href":"https:\/\/madeiraisland.news\/index.php?rest_route=\/wp\/v2\/posts\/1194720\/revisions"}],"predecessor-version":[{"id":1194722,"href":"https:\/\/madeiraisland.news\/index.php?rest_route=\/wp\/v2\/posts\/1194720\/revisions\/1194722"}],"wp:attachment":[{"href":"https:\/\/madeiraisland.news\/index.php?rest_route=%2Fwp%2Fv2%2Fmedia&parent=1194720"}],"wp:term":[{"taxonomy":"category","embeddable":true,"href":"https:\/\/madeiraisland.news\/index.php?rest_route=%2Fwp%2Fv2%2Fcategories&post=1194720"},{"taxonomy":"post_tag","embeddable":true,"href":"https:\/\/madeiraisland.news\/index.php?rest_route=%2Fwp%2Fv2%2Ftags&post=1194720"}],"curies":[{"name":"wp","href":"https:\/\/api.w.org\/{rel}","templated":true}]}}