{"id":1194717,"date":"2026-04-28T18:46:55","date_gmt":"2026-04-28T18:46:55","guid":{"rendered":"https:\/\/madeiraisland.news\/?p=1194717"},"modified":"2026-04-28T18:52:27","modified_gmt":"2026-04-28T18:52:27","slug":"ventura-acusa-governo-de-apresentar-plano-de-marketing-sem-prioridades","status":"publish","type":"post","link":"https:\/\/madeiraisland.news\/?p=1194717","title":{"rendered":"Ventura acusa Governo de apresentar plano de &#8216;marketing&#8217; sem prioridades"},"content":{"rendered":"<p>O l\u00edder do Chega, Andr\u00e9 Ventura, classificou como &#8216;marketing&#8217; o programa &#8220;Portugal Transforma\u00e7\u00e3o, Recupera\u00e7\u00e3o e Resili\u00eancia&#8221; (PTRR), hoje apresentado pelo Governo, e considerou que n\u00e3o define prioridades nem estrat\u00e9gias.<br \/>\n&#8220;Este programa consegue essa coisa extraordin\u00e1ria, consegue ser um conjunto vasto de opera\u00e7\u00f5es,\u00a0de an\u00fancios, de &#8216;marketing&#8217;, que n\u00e3o se diferencia muito dos planos extraordin\u00e1rios\u00a0que tivemos para a sa\u00fade em 60 dias, dos planos que eram apresentados pelo Partido Socialista\u00a0para <\/p>\n","protected":false},"excerpt":{"rendered":"<p>O l\u00edder do Chega, Andr\u00e9 Ventura, classificou como &#8216;marketing&#8217; o programa &#8220;Portugal Transforma\u00e7\u00e3o, Recupera\u00e7\u00e3o e Resili\u00eancia&#8221; (PTRR), hoje apresentado pelo Governo, e considerou que n\u00e3o define prioridades nem estrat\u00e9gias. &#8220;Este programa consegue essa coisa extraordin\u00e1ria,<\/p>\n","protected":false},"author":5,"featured_media":0,"comment_status":"open","ping_status":"","sticky":false,"template":"","format":"standard","meta":{"footnotes":""},"categories":[19],"tags":[],"class_list":["post-1194717","post","type-post","status-publish","format-standard","hentry","category-madeira-island-news","infinite-scroll-item","masonry-post","generate-columns","tablet-grid-50","mobile-grid-100","grid-parent","grid-33"],"_links":{"self":[{"href":"https:\/\/madeiraisland.news\/index.php?rest_route=\/wp\/v2\/posts\/1194717","targetHints":{"allow":["GET"]}}],"collection":[{"href":"https:\/\/madeiraisland.news\/index.php?rest_route=\/wp\/v2\/posts"}],"about":[{"href":"https:\/\/madeiraisland.news\/index.php?rest_route=\/wp\/v2\/types\/post"}],"author":[{"embeddable":true,"href":"https:\/\/madeiraisland.news\/index.php?rest_route=\/wp\/v2\/users\/5"}],"replies":[{"embeddable":true,"href":"https:\/\/madeiraisland.news\/index.php?rest_route=%2Fwp%2Fv2%2Fcomments&post=1194717"}],"version-history":[{"count":2,"href":"https:\/\/madeiraisland.news\/index.php?rest_route=\/wp\/v2\/posts\/1194717\/revisions"}],"predecessor-version":[{"id":1194719,"href":"https:\/\/madeiraisland.news\/index.php?rest_route=\/wp\/v2\/posts\/1194717\/revisions\/1194719"}],"wp:attachment":[{"href":"https:\/\/madeiraisland.news\/index.php?rest_route=%2Fwp%2Fv2%2Fmedia&parent=1194717"}],"wp:term":[{"taxonomy":"category","embeddable":true,"href":"https:\/\/madeiraisland.news\/index.php?rest_route=%2Fwp%2Fv2%2Fcategories&post=1194717"},{"taxonomy":"post_tag","embeddable":true,"href":"https:\/\/madeiraisland.news\/index.php?rest_route=%2Fwp%2Fv2%2Ftags&post=1194717"}],"curies":[{"name":"wp","href":"https:\/\/api.w.org\/{rel}","templated":true}]}}