{"id":1194714,"date":"2026-04-28T18:48:54","date_gmt":"2026-04-28T18:48:54","guid":{"rendered":"https:\/\/madeiraisland.news\/?p=1194714"},"modified":"2026-04-28T18:52:27","modified_gmt":"2026-04-28T18:52:27","slug":"ps-preocupado-com-relatorio-sobre-dciap-e-a-favor-de-audicao-de-amadeu-guerra-pedida-pela-il","status":"publish","type":"post","link":"https:\/\/madeiraisland.news\/?p=1194714","title":{"rendered":"PS preocupado com relat\u00f3rio sobre DCIAP e a favor de audi\u00e7\u00e3o de Amadeu Guerra pedida pela IL"},"content":{"rendered":"<p>O PS mostrou hoje preocupa\u00e7\u00e3o com o relat\u00f3rio sobre o Departamento Central de Investiga\u00e7\u00e3o e A\u00e7\u00e3o Penal (DCIAP) e antecipou que vai acompanhar o pedido da IL para audi\u00e7\u00e3o do procurador-geral da Rep\u00fablica, considerando\u00a0&#8220;n\u00e3o beliscar a separa\u00e7\u00e3o de poderes&#8221;.<br \/>\n&#8220;O relat\u00f3rio recentemente conhecido [sobre o DCIAP] cont\u00e9m v\u00e1rios aspetos que geram preocupa\u00e7\u00e3o, particularmente quanto \u00e0 conserva\u00e7\u00e3o de meios de prova, controlo da dura\u00e7\u00e3o dos inqu\u00e9ritos, n\u00e3o utiliza\u00e7\u00e3o do CITIUS ou car\u00eancia de recursos human<\/p>\n","protected":false},"excerpt":{"rendered":"<p>O PS mostrou hoje preocupa\u00e7\u00e3o com o relat\u00f3rio sobre o Departamento Central de Investiga\u00e7\u00e3o e A\u00e7\u00e3o Penal (DCIAP) e antecipou que vai acompanhar o pedido da IL para audi\u00e7\u00e3o do procurador-geral da Rep\u00fablica, considerando\u00a0&#8220;n\u00e3o beliscar<\/p>\n","protected":false},"author":5,"featured_media":0,"comment_status":"open","ping_status":"","sticky":false,"template":"","format":"standard","meta":{"footnotes":""},"categories":[19],"tags":[],"class_list":["post-1194714","post","type-post","status-publish","format-standard","hentry","category-madeira-island-news","infinite-scroll-item","masonry-post","generate-columns","tablet-grid-50","mobile-grid-100","grid-parent","grid-33"],"_links":{"self":[{"href":"https:\/\/madeiraisland.news\/index.php?rest_route=\/wp\/v2\/posts\/1194714","targetHints":{"allow":["GET"]}}],"collection":[{"href":"https:\/\/madeiraisland.news\/index.php?rest_route=\/wp\/v2\/posts"}],"about":[{"href":"https:\/\/madeiraisland.news\/index.php?rest_route=\/wp\/v2\/types\/post"}],"author":[{"embeddable":true,"href":"https:\/\/madeiraisland.news\/index.php?rest_route=\/wp\/v2\/users\/5"}],"replies":[{"embeddable":true,"href":"https:\/\/madeiraisland.news\/index.php?rest_route=%2Fwp%2Fv2%2Fcomments&post=1194714"}],"version-history":[{"count":2,"href":"https:\/\/madeiraisland.news\/index.php?rest_route=\/wp\/v2\/posts\/1194714\/revisions"}],"predecessor-version":[{"id":1194716,"href":"https:\/\/madeiraisland.news\/index.php?rest_route=\/wp\/v2\/posts\/1194714\/revisions\/1194716"}],"wp:attachment":[{"href":"https:\/\/madeiraisland.news\/index.php?rest_route=%2Fwp%2Fv2%2Fmedia&parent=1194714"}],"wp:term":[{"taxonomy":"category","embeddable":true,"href":"https:\/\/madeiraisland.news\/index.php?rest_route=%2Fwp%2Fv2%2Fcategories&post=1194714"},{"taxonomy":"post_tag","embeddable":true,"href":"https:\/\/madeiraisland.news\/index.php?rest_route=%2Fwp%2Fv2%2Ftags&post=1194714"}],"curies":[{"name":"wp","href":"https:\/\/api.w.org\/{rel}","templated":true}]}}