{"id":1194712,"date":"2026-04-28T18:46:14","date_gmt":"2026-04-28T18:46:14","guid":{"rendered":"https:\/\/madeiraisland.news\/?p=1194712"},"modified":"2026-04-28T18:52:26","modified_gmt":"2026-04-28T18:52:26","slug":"junta-da-se-fecha-2025-com-execucao-elevada-e-prepara-nova-imagem","status":"publish","type":"post","link":"https:\/\/madeiraisland.news\/?p=1194712","title":{"rendered":"Junta da S\u00e9 fecha 2025 com \u201cexecu\u00e7\u00e3o elevada\u201d e prepara nova imagem"},"content":{"rendered":"<p>A Junta de Freguesia da S\u00e9 apresentou e viu aprovadas, em Assembleia de Freguesia, as contas relativas ao exerc\u00edcio de 2025. A execu\u00e7\u00e3o financeira foi elevada, com cerca de 96% da receita realizada e 90% da despesa executada, demonstrando um bom aproveitamento dos recursos dispon\u00edveis. O actual Executivo, em fun\u00e7\u00f5es desde Outubro de 2025, assegurou, [\u2026]<\/p>\n","protected":false},"excerpt":{"rendered":"<p>A Junta de Freguesia da S\u00e9 apresentou e viu aprovadas, em Assembleia de Freguesia, as contas relativas ao exerc\u00edcio de &#8230; <\/p>\n<p class=\"read-more-container\"><a title=\"Junta da S\u00e9 fecha 2025 com \u201cexecu\u00e7\u00e3o elevada\u201d e prepara nova imagem\" class=\"read-more button\" href=\"https:\/\/madeiraisland.news\/?p=1194712#more-1194712\" aria-label=\"Read more about Junta da S\u00e9 fecha 2025 com \u201cexecu\u00e7\u00e3o elevada\u201d e prepara nova imagem\">Read more<\/a><\/p>\n","protected":false},"author":258,"featured_media":0,"comment_status":"open","ping_status":"","sticky":false,"template":"","format":"standard","meta":{"footnotes":""},"categories":[19],"tags":[],"class_list":["post-1194712","post","type-post","status-publish","format-standard","hentry","category-madeira-island-news","infinite-scroll-item","masonry-post","generate-columns","tablet-grid-50","mobile-grid-100","grid-parent","grid-33"],"_links":{"self":[{"href":"https:\/\/madeiraisland.news\/index.php?rest_route=\/wp\/v2\/posts\/1194712","targetHints":{"allow":["GET"]}}],"collection":[{"href":"https:\/\/madeiraisland.news\/index.php?rest_route=\/wp\/v2\/posts"}],"about":[{"href":"https:\/\/madeiraisland.news\/index.php?rest_route=\/wp\/v2\/types\/post"}],"author":[{"embeddable":true,"href":"https:\/\/madeiraisland.news\/index.php?rest_route=\/wp\/v2\/users\/258"}],"replies":[{"embeddable":true,"href":"https:\/\/madeiraisland.news\/index.php?rest_route=%2Fwp%2Fv2%2Fcomments&post=1194712"}],"version-history":[{"count":1,"href":"https:\/\/madeiraisland.news\/index.php?rest_route=\/wp\/v2\/posts\/1194712\/revisions"}],"predecessor-version":[{"id":1194713,"href":"https:\/\/madeiraisland.news\/index.php?rest_route=\/wp\/v2\/posts\/1194712\/revisions\/1194713"}],"wp:attachment":[{"href":"https:\/\/madeiraisland.news\/index.php?rest_route=%2Fwp%2Fv2%2Fmedia&parent=1194712"}],"wp:term":[{"taxonomy":"category","embeddable":true,"href":"https:\/\/madeiraisland.news\/index.php?rest_route=%2Fwp%2Fv2%2Fcategories&post=1194712"},{"taxonomy":"post_tag","embeddable":true,"href":"https:\/\/madeiraisland.news\/index.php?rest_route=%2Fwp%2Fv2%2Ftags&post=1194712"}],"curies":[{"name":"wp","href":"https:\/\/api.w.org\/{rel}","templated":true}]}}