{"id":1194709,"date":"2026-04-28T18:01:23","date_gmt":"2026-04-28T18:01:23","guid":{"rendered":"https:\/\/madeiraisland.news\/?p=1194709"},"modified":"2026-04-28T18:15:02","modified_gmt":"2026-04-28T18:15:02","slug":"governo-assegura-que-ptrr-nao-vai-comprometer-prr-ou-pt-2030","status":"publish","type":"post","link":"https:\/\/madeiraisland.news\/?p=1194709","title":{"rendered":"Governo assegura que PTRR n\u00e3o vai comprometer PRR ou PT 2030"},"content":{"rendered":"<p>O Governo esclareceu que o PTRR, que foi hoje apresentado, n\u00e3o vai comprometer o Plano de Recupera\u00e7\u00e3o e Resili\u00eancia (PRR) ou o Portugal 2030, incluindo apenas uma &#8220;pequena parte&#8221; dos montantes destas fontes.<br \/>\n&#8220;O PTRR n\u00e3o substitui o Portugal 2030, o PRR ou o pr\u00f3ximo Quadro Financeiro Plurianual 2028-2034&#8221;, assegurou o executivo de Lu\u00eds Montenegro, num documento de perguntas e respostas sobre o plano.<br \/>\nO PTRR &#8211; &#8220;Portugal Transforma\u00e7\u00e3o, Recupera\u00e7\u00e3o e Resili\u00eancia&#8221; (PTRR), hoje apresentado, vai ter u<\/p>\n","protected":false},"excerpt":{"rendered":"<p>O Governo esclareceu que o PTRR, que foi hoje apresentado, n\u00e3o vai comprometer o Plano de Recupera\u00e7\u00e3o e Resili\u00eancia (PRR) ou o Portugal 2030, incluindo apenas uma &#8220;pequena parte&#8221; dos montantes destas fontes. &#8220;O PTRR<\/p>\n","protected":false},"author":5,"featured_media":0,"comment_status":"open","ping_status":"","sticky":false,"template":"","format":"standard","meta":{"footnotes":""},"categories":[19],"tags":[],"class_list":["post-1194709","post","type-post","status-publish","format-standard","hentry","category-madeira-island-news","infinite-scroll-item","masonry-post","generate-columns","tablet-grid-50","mobile-grid-100","grid-parent","grid-33"],"_links":{"self":[{"href":"https:\/\/madeiraisland.news\/index.php?rest_route=\/wp\/v2\/posts\/1194709","targetHints":{"allow":["GET"]}}],"collection":[{"href":"https:\/\/madeiraisland.news\/index.php?rest_route=\/wp\/v2\/posts"}],"about":[{"href":"https:\/\/madeiraisland.news\/index.php?rest_route=\/wp\/v2\/types\/post"}],"author":[{"embeddable":true,"href":"https:\/\/madeiraisland.news\/index.php?rest_route=\/wp\/v2\/users\/5"}],"replies":[{"embeddable":true,"href":"https:\/\/madeiraisland.news\/index.php?rest_route=%2Fwp%2Fv2%2Fcomments&post=1194709"}],"version-history":[{"count":2,"href":"https:\/\/madeiraisland.news\/index.php?rest_route=\/wp\/v2\/posts\/1194709\/revisions"}],"predecessor-version":[{"id":1194711,"href":"https:\/\/madeiraisland.news\/index.php?rest_route=\/wp\/v2\/posts\/1194709\/revisions\/1194711"}],"wp:attachment":[{"href":"https:\/\/madeiraisland.news\/index.php?rest_route=%2Fwp%2Fv2%2Fmedia&parent=1194709"}],"wp:term":[{"taxonomy":"category","embeddable":true,"href":"https:\/\/madeiraisland.news\/index.php?rest_route=%2Fwp%2Fv2%2Fcategories&post=1194709"},{"taxonomy":"post_tag","embeddable":true,"href":"https:\/\/madeiraisland.news\/index.php?rest_route=%2Fwp%2Fv2%2Ftags&post=1194709"}],"curies":[{"name":"wp","href":"https:\/\/api.w.org\/{rel}","templated":true}]}}