{"id":1194707,"date":"2026-04-28T17:50:45","date_gmt":"2026-04-28T17:50:45","guid":{"rendered":"https:\/\/madeiraisland.news\/?p=1194707"},"modified":"2026-04-28T18:15:01","modified_gmt":"2026-04-28T18:15:01","slug":"paula-margarido-salienta-importancia-da-seguranca-e-saude-laboral","status":"publish","type":"post","link":"https:\/\/madeiraisland.news\/?p=1194707","title":{"rendered":"Paula Margarido salienta import\u00e2ncia da seguran\u00e7a e sa\u00fade laboral"},"content":{"rendered":"<p>A secret\u00e1ria regional da Inclus\u00e3o, Trabalho e Juventude, Paula Margarido, presidiu esta segunda-feira \u00e0 sess\u00e3o comemorativa do Dia Regional da Seguran\u00e7a e Sa\u00fade no Trabalho, assinalado em simult\u00e2neo com o Dia Nacional de Preven\u00e7\u00e3o e Seguran\u00e7a no Trabalho e o Dia Mundial da Seguran\u00e7a e Sa\u00fade no Trabalho, que decorreu no audit\u00f3rio do Centro de [\u2026]<\/p>\n","protected":false},"excerpt":{"rendered":"<p>A secret\u00e1ria regional da Inclus\u00e3o, Trabalho e Juventude, Paula Margarido, presidiu esta segunda-feira \u00e0 sess\u00e3o comemorativa do Dia Regional da &#8230; <\/p>\n<p class=\"read-more-container\"><a title=\"Paula Margarido salienta import\u00e2ncia da seguran\u00e7a e sa\u00fade laboral\" class=\"read-more button\" href=\"https:\/\/madeiraisland.news\/?p=1194707#more-1194707\" aria-label=\"Read more about Paula Margarido salienta import\u00e2ncia da seguran\u00e7a e sa\u00fade laboral\">Read more<\/a><\/p>\n","protected":false},"author":258,"featured_media":0,"comment_status":"open","ping_status":"","sticky":false,"template":"","format":"standard","meta":{"footnotes":""},"categories":[19],"tags":[],"class_list":["post-1194707","post","type-post","status-publish","format-standard","hentry","category-madeira-island-news","infinite-scroll-item","masonry-post","generate-columns","tablet-grid-50","mobile-grid-100","grid-parent","grid-33"],"_links":{"self":[{"href":"https:\/\/madeiraisland.news\/index.php?rest_route=\/wp\/v2\/posts\/1194707","targetHints":{"allow":["GET"]}}],"collection":[{"href":"https:\/\/madeiraisland.news\/index.php?rest_route=\/wp\/v2\/posts"}],"about":[{"href":"https:\/\/madeiraisland.news\/index.php?rest_route=\/wp\/v2\/types\/post"}],"author":[{"embeddable":true,"href":"https:\/\/madeiraisland.news\/index.php?rest_route=\/wp\/v2\/users\/258"}],"replies":[{"embeddable":true,"href":"https:\/\/madeiraisland.news\/index.php?rest_route=%2Fwp%2Fv2%2Fcomments&post=1194707"}],"version-history":[{"count":1,"href":"https:\/\/madeiraisland.news\/index.php?rest_route=\/wp\/v2\/posts\/1194707\/revisions"}],"predecessor-version":[{"id":1194708,"href":"https:\/\/madeiraisland.news\/index.php?rest_route=\/wp\/v2\/posts\/1194707\/revisions\/1194708"}],"wp:attachment":[{"href":"https:\/\/madeiraisland.news\/index.php?rest_route=%2Fwp%2Fv2%2Fmedia&parent=1194707"}],"wp:term":[{"taxonomy":"category","embeddable":true,"href":"https:\/\/madeiraisland.news\/index.php?rest_route=%2Fwp%2Fv2%2Fcategories&post=1194707"},{"taxonomy":"post_tag","embeddable":true,"href":"https:\/\/madeiraisland.news\/index.php?rest_route=%2Fwp%2Fv2%2Ftags&post=1194707"}],"curies":[{"name":"wp","href":"https:\/\/api.w.org\/{rel}","templated":true}]}}