{"id":1194704,"date":"2026-04-28T17:45:51","date_gmt":"2026-04-28T17:45:51","guid":{"rendered":"https:\/\/madeiraisland.news\/?p=1194704"},"modified":"2026-04-28T17:50:30","modified_gmt":"2026-04-28T17:50:30","slug":"governo-quer-reforco-das-radios-enquanto-agentes-de-comunicacao-em-crise","status":"publish","type":"post","link":"https:\/\/madeiraisland.news\/?p=1194704","title":{"rendered":"Governo quer refor\u00e7o das r\u00e1dios enquanto &#8220;agentes de comunica\u00e7\u00e3o em crise&#8221;"},"content":{"rendered":"<p>O Governo disse hoje que vai refor\u00e7ar as emissoras de r\u00e1dio para se tornarem &#8220;agentes de comunica\u00e7\u00e3o em crise&#8221;, ap\u00f3s ter admitido que chegou a ponderar a cria\u00e7\u00e3o de um canal pr\u00f3prio.<br \/>\nEsta medida faz parte do plano &#8220;Portugal Transforma\u00e7\u00e3o, Recupera\u00e7\u00e3o e Resili\u00eancia&#8221; (PTRR), hoje apresentado, que vai ter um envelope financeiro global de 22,6 mil milh\u00f5es de euros e um horizonte temporal de nove anos.<br \/>\nNa apresenta\u00e7\u00e3o, que decorreu debaixo da pala do Pavilh\u00e3o de Portugal, em Lisboa, o primeiro-minis<\/p>\n","protected":false},"excerpt":{"rendered":"<p>O Governo disse hoje que vai refor\u00e7ar as emissoras de r\u00e1dio para se tornarem &#8220;agentes de comunica\u00e7\u00e3o em crise&#8221;, ap\u00f3s ter admitido que chegou a ponderar a cria\u00e7\u00e3o de um canal pr\u00f3prio. Esta medida faz<\/p>\n","protected":false},"author":5,"featured_media":0,"comment_status":"open","ping_status":"","sticky":false,"template":"","format":"standard","meta":{"footnotes":""},"categories":[19],"tags":[],"class_list":["post-1194704","post","type-post","status-publish","format-standard","hentry","category-madeira-island-news","infinite-scroll-item","masonry-post","generate-columns","tablet-grid-50","mobile-grid-100","grid-parent","grid-33"],"_links":{"self":[{"href":"https:\/\/madeiraisland.news\/index.php?rest_route=\/wp\/v2\/posts\/1194704","targetHints":{"allow":["GET"]}}],"collection":[{"href":"https:\/\/madeiraisland.news\/index.php?rest_route=\/wp\/v2\/posts"}],"about":[{"href":"https:\/\/madeiraisland.news\/index.php?rest_route=\/wp\/v2\/types\/post"}],"author":[{"embeddable":true,"href":"https:\/\/madeiraisland.news\/index.php?rest_route=\/wp\/v2\/users\/5"}],"replies":[{"embeddable":true,"href":"https:\/\/madeiraisland.news\/index.php?rest_route=%2Fwp%2Fv2%2Fcomments&post=1194704"}],"version-history":[{"count":2,"href":"https:\/\/madeiraisland.news\/index.php?rest_route=\/wp\/v2\/posts\/1194704\/revisions"}],"predecessor-version":[{"id":1194706,"href":"https:\/\/madeiraisland.news\/index.php?rest_route=\/wp\/v2\/posts\/1194704\/revisions\/1194706"}],"wp:attachment":[{"href":"https:\/\/madeiraisland.news\/index.php?rest_route=%2Fwp%2Fv2%2Fmedia&parent=1194704"}],"wp:term":[{"taxonomy":"category","embeddable":true,"href":"https:\/\/madeiraisland.news\/index.php?rest_route=%2Fwp%2Fv2%2Fcategories&post=1194704"},{"taxonomy":"post_tag","embeddable":true,"href":"https:\/\/madeiraisland.news\/index.php?rest_route=%2Fwp%2Fv2%2Ftags&post=1194704"}],"curies":[{"name":"wp","href":"https:\/\/api.w.org\/{rel}","templated":true}]}}