{"id":1194699,"date":"2026-04-28T17:47:10","date_gmt":"2026-04-28T17:47:10","guid":{"rendered":"https:\/\/madeiraisland.news\/?p=1194699"},"modified":"2026-04-28T17:50:28","modified_gmt":"2026-04-28T17:50:28","slug":"presidente-da-junta-do-canico-volta-a-denunciar-falta-de-civismo","status":"publish","type":"post","link":"https:\/\/madeiraisland.news\/?p=1194699","title":{"rendered":"Presidente da Junta do Cani\u00e7o volta a denunciar falta de civismo"},"content":{"rendered":"<p>O presidente da Junta de Freguesia do Cani\u00e7o voltou a criticar comportamentos de falta de civismo por parte da popula\u00e7\u00e3o, denunciando a acumula\u00e7\u00e3o de lixo e sacos de roupa deixados no ch\u00e3o junto aos contentores destinados \u00e0 recolha de t\u00eaxteis.<br \/>\nNuma publica\u00e7\u00e3o recente, o autarca n\u00e3o escondeu a indigna\u00e7\u00e3o: \u201cSinceramente, custa ver e acreditar nisto. Os contentores foram colocados para um prop\u00f3sito simples: dar uma segunda vida \u00e0 roupa e ajudar quem mais precisa. Mas o que temos encontrado \u00e0 volta <\/p>\n","protected":false},"excerpt":{"rendered":"<p>O presidente da Junta de Freguesia do Cani\u00e7o voltou a criticar comportamentos de falta de civismo por parte da popula\u00e7\u00e3o, &#8230; <\/p>\n<p class=\"read-more-container\"><a title=\"Presidente da Junta do Cani\u00e7o volta a denunciar falta de civismo\" class=\"read-more button\" href=\"https:\/\/madeiraisland.news\/?p=1194699#more-1194699\" aria-label=\"Read more about Presidente da Junta do Cani\u00e7o volta a denunciar falta de civismo\">Read more<\/a><\/p>\n","protected":false},"author":284,"featured_media":0,"comment_status":"open","ping_status":"","sticky":false,"template":"","format":"standard","meta":{"footnotes":""},"categories":[19],"tags":[],"class_list":["post-1194699","post","type-post","status-publish","format-standard","hentry","category-madeira-island-news","infinite-scroll-item","masonry-post","generate-columns","tablet-grid-50","mobile-grid-100","grid-parent","grid-33"],"_links":{"self":[{"href":"https:\/\/madeiraisland.news\/index.php?rest_route=\/wp\/v2\/posts\/1194699","targetHints":{"allow":["GET"]}}],"collection":[{"href":"https:\/\/madeiraisland.news\/index.php?rest_route=\/wp\/v2\/posts"}],"about":[{"href":"https:\/\/madeiraisland.news\/index.php?rest_route=\/wp\/v2\/types\/post"}],"author":[{"embeddable":true,"href":"https:\/\/madeiraisland.news\/index.php?rest_route=\/wp\/v2\/users\/284"}],"replies":[{"embeddable":true,"href":"https:\/\/madeiraisland.news\/index.php?rest_route=%2Fwp%2Fv2%2Fcomments&post=1194699"}],"version-history":[{"count":1,"href":"https:\/\/madeiraisland.news\/index.php?rest_route=\/wp\/v2\/posts\/1194699\/revisions"}],"predecessor-version":[{"id":1194700,"href":"https:\/\/madeiraisland.news\/index.php?rest_route=\/wp\/v2\/posts\/1194699\/revisions\/1194700"}],"wp:attachment":[{"href":"https:\/\/madeiraisland.news\/index.php?rest_route=%2Fwp%2Fv2%2Fmedia&parent=1194699"}],"wp:term":[{"taxonomy":"category","embeddable":true,"href":"https:\/\/madeiraisland.news\/index.php?rest_route=%2Fwp%2Fv2%2Fcategories&post=1194699"},{"taxonomy":"post_tag","embeddable":true,"href":"https:\/\/madeiraisland.news\/index.php?rest_route=%2Fwp%2Fv2%2Ftags&post=1194699"}],"curies":[{"name":"wp","href":"https:\/\/api.w.org\/{rel}","templated":true}]}}