{"id":1194696,"date":"2026-04-28T17:26:04","date_gmt":"2026-04-28T17:26:04","guid":{"rendered":"https:\/\/madeiraisland.news\/?p=1194696"},"modified":"2026-04-28T17:45:20","modified_gmt":"2026-04-28T17:45:20","slug":"ptrr-com-4-000-milhoes-de-euros-para-reforco-e-modernizacao-das-redes-eletrica-e-gas","status":"publish","type":"post","link":"https:\/\/madeiraisland.news\/?p=1194696","title":{"rendered":"PTRR com 4.000 milh\u00f5es de euros para refor\u00e7o e moderniza\u00e7\u00e3o das redes el\u00e9trica e g\u00e1s"},"content":{"rendered":"<p>O plano PTRR conta com 4.000 milh\u00f5es de euros para o refor\u00e7o e moderniza\u00e7\u00e3o das redes el\u00e9trica e de g\u00e1s, anunciou hoje, em Lisboa, o primeiro-ministro, Lu\u00eds Montenegro.<br \/>\n&#8220;S\u00e3o 4.000 milh\u00f5es de euros de investimento previsto no desenvolvimento das redes de distribui\u00e7\u00e3o de eletricidade e g\u00e1s&#8221;, anunciou Montenegro, na apresenta\u00e7\u00e3o do PTRR, sem avan\u00e7ar mais detalhes.<br \/>\nO programa &#8220;Portugal Transforma\u00e7\u00e3o, Recupera\u00e7\u00e3o e Resili\u00eancia&#8221; (PTRR) vai ter um envelope financeiro global de 22,6 mil milh\u00f5es de euro<\/p>\n","protected":false},"excerpt":{"rendered":"<p>O plano PTRR conta com 4.000 milh\u00f5es de euros para o refor\u00e7o e moderniza\u00e7\u00e3o das redes el\u00e9trica e de g\u00e1s, anunciou hoje, em Lisboa, o primeiro-ministro, Lu\u00eds Montenegro. &#8220;S\u00e3o 4.000 milh\u00f5es de euros de investimento<\/p>\n","protected":false},"author":5,"featured_media":0,"comment_status":"open","ping_status":"","sticky":false,"template":"","format":"standard","meta":{"footnotes":""},"categories":[19],"tags":[],"class_list":["post-1194696","post","type-post","status-publish","format-standard","hentry","category-madeira-island-news","infinite-scroll-item","masonry-post","generate-columns","tablet-grid-50","mobile-grid-100","grid-parent","grid-33"],"_links":{"self":[{"href":"https:\/\/madeiraisland.news\/index.php?rest_route=\/wp\/v2\/posts\/1194696","targetHints":{"allow":["GET"]}}],"collection":[{"href":"https:\/\/madeiraisland.news\/index.php?rest_route=\/wp\/v2\/posts"}],"about":[{"href":"https:\/\/madeiraisland.news\/index.php?rest_route=\/wp\/v2\/types\/post"}],"author":[{"embeddable":true,"href":"https:\/\/madeiraisland.news\/index.php?rest_route=\/wp\/v2\/users\/5"}],"replies":[{"embeddable":true,"href":"https:\/\/madeiraisland.news\/index.php?rest_route=%2Fwp%2Fv2%2Fcomments&post=1194696"}],"version-history":[{"count":2,"href":"https:\/\/madeiraisland.news\/index.php?rest_route=\/wp\/v2\/posts\/1194696\/revisions"}],"predecessor-version":[{"id":1194698,"href":"https:\/\/madeiraisland.news\/index.php?rest_route=\/wp\/v2\/posts\/1194696\/revisions\/1194698"}],"wp:attachment":[{"href":"https:\/\/madeiraisland.news\/index.php?rest_route=%2Fwp%2Fv2%2Fmedia&parent=1194696"}],"wp:term":[{"taxonomy":"category","embeddable":true,"href":"https:\/\/madeiraisland.news\/index.php?rest_route=%2Fwp%2Fv2%2Fcategories&post=1194696"},{"taxonomy":"post_tag","embeddable":true,"href":"https:\/\/madeiraisland.news\/index.php?rest_route=%2Fwp%2Fv2%2Ftags&post=1194696"}],"curies":[{"name":"wp","href":"https:\/\/api.w.org\/{rel}","templated":true}]}}