{"id":1194693,"date":"2026-04-28T17:29:14","date_gmt":"2026-04-28T17:29:14","guid":{"rendered":"https:\/\/madeiraisland.news\/?p=1194693"},"modified":"2026-04-28T17:45:20","modified_gmt":"2026-04-28T17:45:20","slug":"governo-diz-que-corre-o-prazo-para-ugt-apresentar-propostas-para-lei-laboral","status":"publish","type":"post","link":"https:\/\/madeiraisland.news\/?p=1194693","title":{"rendered":"Governo diz que &#8220;corre o prazo&#8221; para UGT apresentar propostas para lei laboral"},"content":{"rendered":"<p>A ministra do Trabalho disse hoje que &#8220;corre o prazo&#8221; para que a UGT apresente propostas concretas relativamente\u00a0\u00e0 lei laboral, indicando que seria &#8220;muito positivo&#8221; assinar o acordo neste per\u00edodo, em que se assinala o 1.\u00ba de Maio.<br \/>\nDe acordo com Ros\u00e1rio Palma Ramalho, que falou \u00e0 margem da sess\u00e3o comemorativa do Dia Nacional de Preven\u00e7\u00e3o e Seguran\u00e7a no Trabalho, &#8220;neste momento, corre o prazo para que a UGT apresente propostas concretas relativamente \u00e0 vers\u00e3o que todos os parceiros entenderam que <\/p>\n","protected":false},"excerpt":{"rendered":"<p>A ministra do Trabalho disse hoje que &#8220;corre o prazo&#8221; para que a UGT apresente propostas concretas relativamente\u00a0\u00e0 lei laboral, indicando que seria &#8220;muito positivo&#8221; assinar o acordo neste per\u00edodo, em que se assinala o<\/p>\n","protected":false},"author":5,"featured_media":0,"comment_status":"open","ping_status":"","sticky":false,"template":"","format":"standard","meta":{"footnotes":""},"categories":[19],"tags":[],"class_list":["post-1194693","post","type-post","status-publish","format-standard","hentry","category-madeira-island-news","infinite-scroll-item","masonry-post","generate-columns","tablet-grid-50","mobile-grid-100","grid-parent","grid-33"],"_links":{"self":[{"href":"https:\/\/madeiraisland.news\/index.php?rest_route=\/wp\/v2\/posts\/1194693","targetHints":{"allow":["GET"]}}],"collection":[{"href":"https:\/\/madeiraisland.news\/index.php?rest_route=\/wp\/v2\/posts"}],"about":[{"href":"https:\/\/madeiraisland.news\/index.php?rest_route=\/wp\/v2\/types\/post"}],"author":[{"embeddable":true,"href":"https:\/\/madeiraisland.news\/index.php?rest_route=\/wp\/v2\/users\/5"}],"replies":[{"embeddable":true,"href":"https:\/\/madeiraisland.news\/index.php?rest_route=%2Fwp%2Fv2%2Fcomments&post=1194693"}],"version-history":[{"count":2,"href":"https:\/\/madeiraisland.news\/index.php?rest_route=\/wp\/v2\/posts\/1194693\/revisions"}],"predecessor-version":[{"id":1194695,"href":"https:\/\/madeiraisland.news\/index.php?rest_route=\/wp\/v2\/posts\/1194693\/revisions\/1194695"}],"wp:attachment":[{"href":"https:\/\/madeiraisland.news\/index.php?rest_route=%2Fwp%2Fv2%2Fmedia&parent=1194693"}],"wp:term":[{"taxonomy":"category","embeddable":true,"href":"https:\/\/madeiraisland.news\/index.php?rest_route=%2Fwp%2Fv2%2Fcategories&post=1194693"},{"taxonomy":"post_tag","embeddable":true,"href":"https:\/\/madeiraisland.news\/index.php?rest_route=%2Fwp%2Fv2%2Ftags&post=1194693"}],"curies":[{"name":"wp","href":"https:\/\/api.w.org\/{rel}","templated":true}]}}