{"id":1194690,"date":"2026-04-28T17:41:52","date_gmt":"2026-04-28T17:41:52","guid":{"rendered":"https:\/\/madeiraisland.news\/?p=1194690"},"modified":"2026-04-28T17:45:19","modified_gmt":"2026-04-28T17:45:19","slug":"governo-avanca-com-fundo-de-catastrofes-naturais-e-sismicas-associado-a-seguro-obrigatorio","status":"publish","type":"post","link":"https:\/\/madeiraisland.news\/?p=1194690","title":{"rendered":"Governo avan\u00e7a com fundo de cat\u00e1strofes naturais e s\u00edsmicas associado a seguro obrigat\u00f3rio"},"content":{"rendered":"<p>O Governo vai criar um fundo de cat\u00e1strofes naturais e s\u00edsmicas, associado a um seguro obrigat\u00f3rio para habita\u00e7\u00f5es, apoiado por um mecanismo de solidariedade para &#8220;garantir acesso universal&#8221;.<br \/>\nO an\u00fancio foi feito por Lu\u00eds Montenegro na apresenta\u00e7\u00e3o da vers\u00e3o final do programa &#8220;Portugal Transforma\u00e7\u00e3o, Recupera\u00e7\u00e3o e Resili\u00eancia&#8221; (PTRR), em Lisboa.<br \/>\n&#8220;N\u00f3s n\u00e3o podemos transmitir \u00e0 sociedade a capacidade de o Estado pagar tudo a todos a todo o tempo, isso pura e simplesmente n\u00e3o existe e n\u00e3o \u00e9 sustent\u00e1v<\/p>\n","protected":false},"excerpt":{"rendered":"<p>O Governo vai criar um fundo de cat\u00e1strofes naturais e s\u00edsmicas, associado a um seguro obrigat\u00f3rio para habita\u00e7\u00f5es, apoiado por um mecanismo de solidariedade para &#8220;garantir acesso universal&#8221;. O an\u00fancio foi feito por Lu\u00eds Montenegro<\/p>\n","protected":false},"author":5,"featured_media":0,"comment_status":"open","ping_status":"","sticky":false,"template":"","format":"standard","meta":{"footnotes":""},"categories":[19],"tags":[],"class_list":["post-1194690","post","type-post","status-publish","format-standard","hentry","category-madeira-island-news","infinite-scroll-item","masonry-post","generate-columns","tablet-grid-50","mobile-grid-100","grid-parent","grid-33"],"_links":{"self":[{"href":"https:\/\/madeiraisland.news\/index.php?rest_route=\/wp\/v2\/posts\/1194690","targetHints":{"allow":["GET"]}}],"collection":[{"href":"https:\/\/madeiraisland.news\/index.php?rest_route=\/wp\/v2\/posts"}],"about":[{"href":"https:\/\/madeiraisland.news\/index.php?rest_route=\/wp\/v2\/types\/post"}],"author":[{"embeddable":true,"href":"https:\/\/madeiraisland.news\/index.php?rest_route=\/wp\/v2\/users\/5"}],"replies":[{"embeddable":true,"href":"https:\/\/madeiraisland.news\/index.php?rest_route=%2Fwp%2Fv2%2Fcomments&post=1194690"}],"version-history":[{"count":2,"href":"https:\/\/madeiraisland.news\/index.php?rest_route=\/wp\/v2\/posts\/1194690\/revisions"}],"predecessor-version":[{"id":1194692,"href":"https:\/\/madeiraisland.news\/index.php?rest_route=\/wp\/v2\/posts\/1194690\/revisions\/1194692"}],"wp:attachment":[{"href":"https:\/\/madeiraisland.news\/index.php?rest_route=%2Fwp%2Fv2%2Fmedia&parent=1194690"}],"wp:term":[{"taxonomy":"category","embeddable":true,"href":"https:\/\/madeiraisland.news\/index.php?rest_route=%2Fwp%2Fv2%2Fcategories&post=1194690"},{"taxonomy":"post_tag","embeddable":true,"href":"https:\/\/madeiraisland.news\/index.php?rest_route=%2Fwp%2Fv2%2Ftags&post=1194690"}],"curies":[{"name":"wp","href":"https:\/\/api.w.org\/{rel}","templated":true}]}}