{"id":1194687,"date":"2026-04-28T17:43:02","date_gmt":"2026-04-28T17:43:02","guid":{"rendered":"https:\/\/madeiraisland.news\/?p=1194687"},"modified":"2026-04-28T17:45:19","modified_gmt":"2026-04-28T17:45:19","slug":"ptrr-preve-reforco-de-meios-e-reforma-do-siresp-da-protecao-civil-e-do-inem","status":"publish","type":"post","link":"https:\/\/madeiraisland.news\/?p=1194687","title":{"rendered":"PTRR prev\u00ea refor\u00e7o de meios e reforma do SIRESP, da prote\u00e7\u00e3o civil e do INEM"},"content":{"rendered":"<p>O Governo vai reformar os sistemas nacionais de comunica\u00e7\u00f5es de emerg\u00eancia (SIRESP), de Prote\u00e7\u00e3o Civil e do INEM no \u00e2mbito do programa &#8220;Portugal Transforma\u00e7\u00e3o, Recupera\u00e7\u00e3o e Resili\u00eancia&#8221; (PTRR), que prev\u00ea tamb\u00e9m o refor\u00e7o da capacidade t\u00e9cnica e operacional.<br \/>\nAs medidas constam de um documento s\u00edntese distribu\u00eddo na apresenta\u00e7\u00e3o do PTRR, que decorreu hoje no Pavilh\u00e3o de Portugal, em Lisboa.<br \/>\nDurante a apresenta\u00e7\u00e3o, o primeiro-ministro sublinhou a import\u00e2ncia de refor\u00e7ar a capacidade de resposta da<\/p>\n","protected":false},"excerpt":{"rendered":"<p>O Governo vai reformar os sistemas nacionais de comunica\u00e7\u00f5es de emerg\u00eancia (SIRESP), de Prote\u00e7\u00e3o Civil e do INEM no \u00e2mbito do programa &#8220;Portugal Transforma\u00e7\u00e3o, Recupera\u00e7\u00e3o e Resili\u00eancia&#8221; (PTRR), que prev\u00ea tamb\u00e9m o refor\u00e7o da capacidade<\/p>\n","protected":false},"author":5,"featured_media":0,"comment_status":"open","ping_status":"","sticky":false,"template":"","format":"standard","meta":{"footnotes":""},"categories":[19],"tags":[],"class_list":["post-1194687","post","type-post","status-publish","format-standard","hentry","category-madeira-island-news","infinite-scroll-item","masonry-post","generate-columns","tablet-grid-50","mobile-grid-100","grid-parent","grid-33"],"_links":{"self":[{"href":"https:\/\/madeiraisland.news\/index.php?rest_route=\/wp\/v2\/posts\/1194687","targetHints":{"allow":["GET"]}}],"collection":[{"href":"https:\/\/madeiraisland.news\/index.php?rest_route=\/wp\/v2\/posts"}],"about":[{"href":"https:\/\/madeiraisland.news\/index.php?rest_route=\/wp\/v2\/types\/post"}],"author":[{"embeddable":true,"href":"https:\/\/madeiraisland.news\/index.php?rest_route=\/wp\/v2\/users\/5"}],"replies":[{"embeddable":true,"href":"https:\/\/madeiraisland.news\/index.php?rest_route=%2Fwp%2Fv2%2Fcomments&post=1194687"}],"version-history":[{"count":2,"href":"https:\/\/madeiraisland.news\/index.php?rest_route=\/wp\/v2\/posts\/1194687\/revisions"}],"predecessor-version":[{"id":1194689,"href":"https:\/\/madeiraisland.news\/index.php?rest_route=\/wp\/v2\/posts\/1194687\/revisions\/1194689"}],"wp:attachment":[{"href":"https:\/\/madeiraisland.news\/index.php?rest_route=%2Fwp%2Fv2%2Fmedia&parent=1194687"}],"wp:term":[{"taxonomy":"category","embeddable":true,"href":"https:\/\/madeiraisland.news\/index.php?rest_route=%2Fwp%2Fv2%2Fcategories&post=1194687"},{"taxonomy":"post_tag","embeddable":true,"href":"https:\/\/madeiraisland.news\/index.php?rest_route=%2Fwp%2Fv2%2Ftags&post=1194687"}],"curies":[{"name":"wp","href":"https:\/\/api.w.org\/{rel}","templated":true}]}}