{"id":1194685,"date":"2026-04-28T17:23:06","date_gmt":"2026-04-28T17:23:06","guid":{"rendered":"https:\/\/madeiraisland.news\/?p=1194685"},"modified":"2026-04-28T17:45:18","modified_gmt":"2026-04-28T17:45:18","slug":"percurso-pico-do-areeiro-pico-ruivo-agora-so-se-pode-fazer-numa-direccao","status":"publish","type":"post","link":"https:\/\/madeiraisland.news\/?p=1194685","title":{"rendered":"Percurso Pico do Areeiro-Pico Ruivo agora s\u00f3 se pode fazer numa direc\u00e7\u00e3o"},"content":{"rendered":"<p>O presidente do Governo Regional, Miguel Albuquerque, visitou hoje as obras na vereda que liga o Pico do Arieiro ao Pico Ruivo (PR 1), que se encontrava encerrada desde a grande derrocada registada aquando dos inc\u00eandios de Agosto de 2024, refere uma publica\u00e7\u00e3o do GR na rede social Facebook. At\u00e9 \u00e0 data apenas era poss\u00edvel [\u2026]<\/p>\n","protected":false},"excerpt":{"rendered":"<p>O presidente do Governo Regional, Miguel Albuquerque, visitou hoje as obras na vereda que liga o Pico do Arieiro ao &#8230; <\/p>\n<p class=\"read-more-container\"><a title=\"Percurso Pico do Areeiro-Pico Ruivo agora s\u00f3 se pode fazer numa direc\u00e7\u00e3o\" class=\"read-more button\" href=\"https:\/\/madeiraisland.news\/?p=1194685#more-1194685\" aria-label=\"Read more about Percurso Pico do Areeiro-Pico Ruivo agora s\u00f3 se pode fazer numa direc\u00e7\u00e3o\">Read more<\/a><\/p>\n","protected":false},"author":258,"featured_media":0,"comment_status":"open","ping_status":"","sticky":false,"template":"","format":"standard","meta":{"footnotes":""},"categories":[19],"tags":[],"class_list":["post-1194685","post","type-post","status-publish","format-standard","hentry","category-madeira-island-news","infinite-scroll-item","masonry-post","generate-columns","tablet-grid-50","mobile-grid-100","grid-parent","grid-33"],"_links":{"self":[{"href":"https:\/\/madeiraisland.news\/index.php?rest_route=\/wp\/v2\/posts\/1194685","targetHints":{"allow":["GET"]}}],"collection":[{"href":"https:\/\/madeiraisland.news\/index.php?rest_route=\/wp\/v2\/posts"}],"about":[{"href":"https:\/\/madeiraisland.news\/index.php?rest_route=\/wp\/v2\/types\/post"}],"author":[{"embeddable":true,"href":"https:\/\/madeiraisland.news\/index.php?rest_route=\/wp\/v2\/users\/258"}],"replies":[{"embeddable":true,"href":"https:\/\/madeiraisland.news\/index.php?rest_route=%2Fwp%2Fv2%2Fcomments&post=1194685"}],"version-history":[{"count":1,"href":"https:\/\/madeiraisland.news\/index.php?rest_route=\/wp\/v2\/posts\/1194685\/revisions"}],"predecessor-version":[{"id":1194686,"href":"https:\/\/madeiraisland.news\/index.php?rest_route=\/wp\/v2\/posts\/1194685\/revisions\/1194686"}],"wp:attachment":[{"href":"https:\/\/madeiraisland.news\/index.php?rest_route=%2Fwp%2Fv2%2Fmedia&parent=1194685"}],"wp:term":[{"taxonomy":"category","embeddable":true,"href":"https:\/\/madeiraisland.news\/index.php?rest_route=%2Fwp%2Fv2%2Fcategories&post=1194685"},{"taxonomy":"post_tag","embeddable":true,"href":"https:\/\/madeiraisland.news\/index.php?rest_route=%2Fwp%2Fv2%2Ftags&post=1194685"}],"curies":[{"name":"wp","href":"https:\/\/api.w.org\/{rel}","templated":true}]}}