{"id":1194683,"date":"2026-04-28T17:40:44","date_gmt":"2026-04-28T17:40:44","guid":{"rendered":"https:\/\/madeiraisland.news\/?p=1194683"},"modified":"2026-04-28T17:45:18","modified_gmt":"2026-04-28T17:45:18","slug":"paragem-cardiorrespiratoria-mobiliza-emir","status":"publish","type":"post","link":"https:\/\/madeiraisland.news\/?p=1194683","title":{"rendered":"Paragem cardiorrespirat\u00f3ria mobiliza EMIR"},"content":{"rendered":"<p>Uma paragem cardiorrespirat\u00f3ria mobilizou, h\u00e1 momentos, uma ambul\u00e2ncia dos Bombeiros Volunt\u00e1rios Madeirenses e a Equipa M\u00e9dica de Interven\u00e7\u00e3o R\u00e1pida (EMIR) para uma transversal entre a Rua 31 de Janeiro e a Pra\u00e7a do Carmo, no Funchal, situa\u00e7\u00e3o que gerou curiosidade entre os transeuntes.<br \/>\nA v\u00edtima, cuja identidade n\u00e3o foi divulgada, est\u00e1 a ser assistida no local pelas equipas de socorro, que iniciaram de imediato manobras de reanima\u00e7\u00e3o. A presen\u00e7a simult\u00e2nea de meios diferenciados chamou a aten\u00e7\u00e3o<\/p>\n","protected":false},"excerpt":{"rendered":"<p>Uma paragem cardiorrespirat\u00f3ria mobilizou, h\u00e1 momentos, uma ambul\u00e2ncia dos Bombeiros Volunt\u00e1rios Madeirenses e a Equipa M\u00e9dica de Interven\u00e7\u00e3o R\u00e1pida (EMIR) &#8230; <\/p>\n<p class=\"read-more-container\"><a title=\"Paragem cardiorrespirat\u00f3ria mobiliza EMIR\" class=\"read-more button\" href=\"https:\/\/madeiraisland.news\/?p=1194683#more-1194683\" aria-label=\"Read more about Paragem cardiorrespirat\u00f3ria mobiliza EMIR\">Read more<\/a><\/p>\n","protected":false},"author":284,"featured_media":0,"comment_status":"open","ping_status":"","sticky":false,"template":"","format":"standard","meta":{"footnotes":""},"categories":[19],"tags":[],"class_list":["post-1194683","post","type-post","status-publish","format-standard","hentry","category-madeira-island-news","infinite-scroll-item","masonry-post","generate-columns","tablet-grid-50","mobile-grid-100","grid-parent","grid-33"],"_links":{"self":[{"href":"https:\/\/madeiraisland.news\/index.php?rest_route=\/wp\/v2\/posts\/1194683","targetHints":{"allow":["GET"]}}],"collection":[{"href":"https:\/\/madeiraisland.news\/index.php?rest_route=\/wp\/v2\/posts"}],"about":[{"href":"https:\/\/madeiraisland.news\/index.php?rest_route=\/wp\/v2\/types\/post"}],"author":[{"embeddable":true,"href":"https:\/\/madeiraisland.news\/index.php?rest_route=\/wp\/v2\/users\/284"}],"replies":[{"embeddable":true,"href":"https:\/\/madeiraisland.news\/index.php?rest_route=%2Fwp%2Fv2%2Fcomments&post=1194683"}],"version-history":[{"count":1,"href":"https:\/\/madeiraisland.news\/index.php?rest_route=\/wp\/v2\/posts\/1194683\/revisions"}],"predecessor-version":[{"id":1194684,"href":"https:\/\/madeiraisland.news\/index.php?rest_route=\/wp\/v2\/posts\/1194683\/revisions\/1194684"}],"wp:attachment":[{"href":"https:\/\/madeiraisland.news\/index.php?rest_route=%2Fwp%2Fv2%2Fmedia&parent=1194683"}],"wp:term":[{"taxonomy":"category","embeddable":true,"href":"https:\/\/madeiraisland.news\/index.php?rest_route=%2Fwp%2Fv2%2Fcategories&post=1194683"},{"taxonomy":"post_tag","embeddable":true,"href":"https:\/\/madeiraisland.news\/index.php?rest_route=%2Fwp%2Fv2%2Ftags&post=1194683"}],"curies":[{"name":"wp","href":"https:\/\/api.w.org\/{rel}","templated":true}]}}