{"id":1194680,"date":"2026-04-28T17:12:30","date_gmt":"2026-04-28T17:12:30","guid":{"rendered":"https:\/\/madeiraisland.news\/?p=1194680"},"modified":"2026-04-28T17:16:28","modified_gmt":"2026-04-28T17:16:28","slug":"francisco-gomes-deve-retratar-se-de-acusacoes-que-fez-sobre-pagamentos","status":"publish","type":"post","link":"https:\/\/madeiraisland.news\/?p=1194680","title":{"rendered":"Francisco Gomes deve retratar-se de acusa\u00e7\u00f5es que fez sobre pagamentos"},"content":{"rendered":"<p>A Comiss\u00e3o Parlamentar de Transpar\u00eancia aprovou hoje, por maioria, uma recomenda\u00e7\u00e3o ao deputado do Chega Francisco Gomes para que se retrate publicamente de declara\u00e7\u00f5es que proferiu, mas que depois retirou, sobre pagamentos a deputados pelo setor TVDE.<br \/>\nEsta recomenda\u00e7\u00e3o consta de um relat\u00f3rio elaborado pelo vice-presidente da bancada socialista Pedro Delgado Alves e que, segundo fontes parlamentares, teve apenas os votos contra dos deputados do Chega.<br \/>\nEm janeiro, o presidente da Assembleia da Re<\/p>\n","protected":false},"excerpt":{"rendered":"<p>A Comiss\u00e3o Parlamentar de Transpar\u00eancia aprovou hoje, por maioria, uma recomenda\u00e7\u00e3o ao deputado do Chega Francisco Gomes para que se retrate publicamente de declara\u00e7\u00f5es que proferiu, mas que depois retirou, sobre pagamentos a deputados pelo<\/p>\n","protected":false},"author":5,"featured_media":0,"comment_status":"open","ping_status":"","sticky":false,"template":"","format":"standard","meta":{"footnotes":""},"categories":[19],"tags":[],"class_list":["post-1194680","post","type-post","status-publish","format-standard","hentry","category-madeira-island-news","infinite-scroll-item","masonry-post","generate-columns","tablet-grid-50","mobile-grid-100","grid-parent","grid-33"],"_links":{"self":[{"href":"https:\/\/madeiraisland.news\/index.php?rest_route=\/wp\/v2\/posts\/1194680","targetHints":{"allow":["GET"]}}],"collection":[{"href":"https:\/\/madeiraisland.news\/index.php?rest_route=\/wp\/v2\/posts"}],"about":[{"href":"https:\/\/madeiraisland.news\/index.php?rest_route=\/wp\/v2\/types\/post"}],"author":[{"embeddable":true,"href":"https:\/\/madeiraisland.news\/index.php?rest_route=\/wp\/v2\/users\/5"}],"replies":[{"embeddable":true,"href":"https:\/\/madeiraisland.news\/index.php?rest_route=%2Fwp%2Fv2%2Fcomments&post=1194680"}],"version-history":[{"count":2,"href":"https:\/\/madeiraisland.news\/index.php?rest_route=\/wp\/v2\/posts\/1194680\/revisions"}],"predecessor-version":[{"id":1194682,"href":"https:\/\/madeiraisland.news\/index.php?rest_route=\/wp\/v2\/posts\/1194680\/revisions\/1194682"}],"wp:attachment":[{"href":"https:\/\/madeiraisland.news\/index.php?rest_route=%2Fwp%2Fv2%2Fmedia&parent=1194680"}],"wp:term":[{"taxonomy":"category","embeddable":true,"href":"https:\/\/madeiraisland.news\/index.php?rest_route=%2Fwp%2Fv2%2Fcategories&post=1194680"},{"taxonomy":"post_tag","embeddable":true,"href":"https:\/\/madeiraisland.news\/index.php?rest_route=%2Fwp%2Fv2%2Ftags&post=1194680"}],"curies":[{"name":"wp","href":"https:\/\/api.w.org\/{rel}","templated":true}]}}