{"id":1194678,"date":"2026-04-28T17:03:43","date_gmt":"2026-04-28T17:03:43","guid":{"rendered":"https:\/\/madeiraisland.news\/?p=1194678"},"modified":"2026-04-28T17:16:26","modified_gmt":"2026-04-28T17:16:26","slug":"camara-de-santa-cruz-acusa-governo-regional-de-continuas-mentiras","status":"publish","type":"post","link":"https:\/\/madeiraisland.news\/?p=1194678","title":{"rendered":"C\u00e2mara de Santa Cruz acusa Governo Regional de \u201ccont\u00ednuas mentiras\u201d"},"content":{"rendered":"<p>A C\u00e2mara Municipal de Santa Cruz emitiu um comunicado dizendo que \u201cn\u00e3o pode deixar em branco as cont\u00ednuas mentiras que t\u00eam sido proferidas pelo PSD e pelos seus respons\u00e1veis\u201d. \u201cAinda hoje, na Assembleia Legislativa da Madeira, \u00f3rg\u00e3o transformado agora em\u00a0 arma de arremesso pol\u00edtico contra Santa Cruz, o pr\u00f3prio presidente\u00a0 do Governo Regional\u00a0 acusou esta [\u2026]<\/p>\n","protected":false},"excerpt":{"rendered":"<p>A C\u00e2mara Municipal de Santa Cruz emitiu um comunicado dizendo que \u201cn\u00e3o pode deixar em branco as cont\u00ednuas mentiras que &#8230; <\/p>\n<p class=\"read-more-container\"><a title=\"C\u00e2mara de Santa Cruz acusa Governo Regional de \u201ccont\u00ednuas mentiras\u201d\" class=\"read-more button\" href=\"https:\/\/madeiraisland.news\/?p=1194678#more-1194678\" aria-label=\"Read more about C\u00e2mara de Santa Cruz acusa Governo Regional de \u201ccont\u00ednuas mentiras\u201d\">Read more<\/a><\/p>\n","protected":false},"author":258,"featured_media":0,"comment_status":"open","ping_status":"","sticky":false,"template":"","format":"standard","meta":{"footnotes":""},"categories":[19],"tags":[],"class_list":["post-1194678","post","type-post","status-publish","format-standard","hentry","category-madeira-island-news","infinite-scroll-item","masonry-post","generate-columns","tablet-grid-50","mobile-grid-100","grid-parent","grid-33"],"_links":{"self":[{"href":"https:\/\/madeiraisland.news\/index.php?rest_route=\/wp\/v2\/posts\/1194678","targetHints":{"allow":["GET"]}}],"collection":[{"href":"https:\/\/madeiraisland.news\/index.php?rest_route=\/wp\/v2\/posts"}],"about":[{"href":"https:\/\/madeiraisland.news\/index.php?rest_route=\/wp\/v2\/types\/post"}],"author":[{"embeddable":true,"href":"https:\/\/madeiraisland.news\/index.php?rest_route=\/wp\/v2\/users\/258"}],"replies":[{"embeddable":true,"href":"https:\/\/madeiraisland.news\/index.php?rest_route=%2Fwp%2Fv2%2Fcomments&post=1194678"}],"version-history":[{"count":1,"href":"https:\/\/madeiraisland.news\/index.php?rest_route=\/wp\/v2\/posts\/1194678\/revisions"}],"predecessor-version":[{"id":1194679,"href":"https:\/\/madeiraisland.news\/index.php?rest_route=\/wp\/v2\/posts\/1194678\/revisions\/1194679"}],"wp:attachment":[{"href":"https:\/\/madeiraisland.news\/index.php?rest_route=%2Fwp%2Fv2%2Fmedia&parent=1194678"}],"wp:term":[{"taxonomy":"category","embeddable":true,"href":"https:\/\/madeiraisland.news\/index.php?rest_route=%2Fwp%2Fv2%2Fcategories&post=1194678"},{"taxonomy":"post_tag","embeddable":true,"href":"https:\/\/madeiraisland.news\/index.php?rest_route=%2Fwp%2Fv2%2Ftags&post=1194678"}],"curies":[{"name":"wp","href":"https:\/\/api.w.org\/{rel}","templated":true}]}}