{"id":1194676,"date":"2026-04-28T17:08:54","date_gmt":"2026-04-28T17:08:54","guid":{"rendered":"https:\/\/madeiraisland.news\/?p=1194676"},"modified":"2026-04-28T17:16:26","modified_gmt":"2026-04-28T17:16:26","slug":"ps-funchal-avanca-com-proposta-de-criacao-do-cartao-jovem-cultura","status":"publish","type":"post","link":"https:\/\/madeiraisland.news\/?p=1194676","title":{"rendered":"PS-Funchal avan\u00e7a com proposta de cria\u00e7\u00e3o do \u201cCart\u00e3o Jovem Cultura\u201d"},"content":{"rendered":"<p>Os deputados do grupo do PS na Assembleia Municipal do Funchal v\u00e3o apresentar, amanh\u00e3, neste \u00f3rg\u00e3o aut\u00e1rquico, uma proposta de recomenda\u00e7\u00e3o para que a autarquia proceda \u00e0 cria\u00e7\u00e3o do \u2018Cart\u00e3o Jovem Cultura\u2019. A medida destina-se aos jovens do concelho com idades compreendidas entre os 14 e os 18 anos e consiste na atribui\u00e7\u00e3o de um [\u2026]<\/p>\n","protected":false},"excerpt":{"rendered":"<p>Os deputados do grupo do PS na Assembleia Municipal do Funchal v\u00e3o apresentar, amanh\u00e3, neste \u00f3rg\u00e3o aut\u00e1rquico, uma proposta de &#8230; <\/p>\n<p class=\"read-more-container\"><a title=\"PS-Funchal avan\u00e7a com proposta de cria\u00e7\u00e3o do \u201cCart\u00e3o Jovem Cultura\u201d\" class=\"read-more button\" href=\"https:\/\/madeiraisland.news\/?p=1194676#more-1194676\" aria-label=\"Read more about PS-Funchal avan\u00e7a com proposta de cria\u00e7\u00e3o do \u201cCart\u00e3o Jovem Cultura\u201d\">Read more<\/a><\/p>\n","protected":false},"author":258,"featured_media":0,"comment_status":"open","ping_status":"","sticky":false,"template":"","format":"standard","meta":{"footnotes":""},"categories":[19],"tags":[],"class_list":["post-1194676","post","type-post","status-publish","format-standard","hentry","category-madeira-island-news","infinite-scroll-item","masonry-post","generate-columns","tablet-grid-50","mobile-grid-100","grid-parent","grid-33"],"_links":{"self":[{"href":"https:\/\/madeiraisland.news\/index.php?rest_route=\/wp\/v2\/posts\/1194676","targetHints":{"allow":["GET"]}}],"collection":[{"href":"https:\/\/madeiraisland.news\/index.php?rest_route=\/wp\/v2\/posts"}],"about":[{"href":"https:\/\/madeiraisland.news\/index.php?rest_route=\/wp\/v2\/types\/post"}],"author":[{"embeddable":true,"href":"https:\/\/madeiraisland.news\/index.php?rest_route=\/wp\/v2\/users\/258"}],"replies":[{"embeddable":true,"href":"https:\/\/madeiraisland.news\/index.php?rest_route=%2Fwp%2Fv2%2Fcomments&post=1194676"}],"version-history":[{"count":1,"href":"https:\/\/madeiraisland.news\/index.php?rest_route=\/wp\/v2\/posts\/1194676\/revisions"}],"predecessor-version":[{"id":1194677,"href":"https:\/\/madeiraisland.news\/index.php?rest_route=\/wp\/v2\/posts\/1194676\/revisions\/1194677"}],"wp:attachment":[{"href":"https:\/\/madeiraisland.news\/index.php?rest_route=%2Fwp%2Fv2%2Fmedia&parent=1194676"}],"wp:term":[{"taxonomy":"category","embeddable":true,"href":"https:\/\/madeiraisland.news\/index.php?rest_route=%2Fwp%2Fv2%2Fcategories&post=1194676"},{"taxonomy":"post_tag","embeddable":true,"href":"https:\/\/madeiraisland.news\/index.php?rest_route=%2Fwp%2Fv2%2Ftags&post=1194676"}],"curies":[{"name":"wp","href":"https:\/\/api.w.org\/{rel}","templated":true}]}}