{"id":1194674,"date":"2026-04-28T17:13:37","date_gmt":"2026-04-28T17:13:37","guid":{"rendered":"https:\/\/madeiraisland.news\/?p=1194674"},"modified":"2026-04-28T17:16:26","modified_gmt":"2026-04-28T17:16:26","slug":"jp-madeira-diz-se-alinhada-com-jose-manuel-rodrigues","status":"publish","type":"post","link":"https:\/\/madeiraisland.news\/?p=1194674","title":{"rendered":"JP Madeira diz-se alinhada com Jos\u00e9 Manuel Rodrigues"},"content":{"rendered":"<p>A JP Madeira, juventude partid\u00e1ria do CDS Madeira, manifestou apoio \u00e0 posi\u00e7\u00e3o assumida por Jos\u00e9 Manuel Rodrigues no debate interno do CDS-PP, considerando que o partido s\u00f3 se refor\u00e7ar\u00e1 a n\u00edvel nacional se recuperar identidade, clareza pol\u00edtica e ambi\u00e7\u00e3o reformista, sem diluir a sua matriz nem abdicar das causas que sempre o distinguiram. Para a [\u2026]<\/p>\n","protected":false},"excerpt":{"rendered":"<p>A JP Madeira, juventude partid\u00e1ria do CDS Madeira, manifestou apoio \u00e0 posi\u00e7\u00e3o assumida por Jos\u00e9 Manuel Rodrigues no debate interno &#8230; <\/p>\n<p class=\"read-more-container\"><a title=\"JP Madeira diz-se alinhada com Jos\u00e9 Manuel Rodrigues\" class=\"read-more button\" href=\"https:\/\/madeiraisland.news\/?p=1194674#more-1194674\" aria-label=\"Read more about JP Madeira diz-se alinhada com Jos\u00e9 Manuel Rodrigues\">Read more<\/a><\/p>\n","protected":false},"author":258,"featured_media":0,"comment_status":"open","ping_status":"","sticky":false,"template":"","format":"standard","meta":{"footnotes":""},"categories":[19],"tags":[],"class_list":["post-1194674","post","type-post","status-publish","format-standard","hentry","category-madeira-island-news","infinite-scroll-item","masonry-post","generate-columns","tablet-grid-50","mobile-grid-100","grid-parent","grid-33"],"_links":{"self":[{"href":"https:\/\/madeiraisland.news\/index.php?rest_route=\/wp\/v2\/posts\/1194674","targetHints":{"allow":["GET"]}}],"collection":[{"href":"https:\/\/madeiraisland.news\/index.php?rest_route=\/wp\/v2\/posts"}],"about":[{"href":"https:\/\/madeiraisland.news\/index.php?rest_route=\/wp\/v2\/types\/post"}],"author":[{"embeddable":true,"href":"https:\/\/madeiraisland.news\/index.php?rest_route=\/wp\/v2\/users\/258"}],"replies":[{"embeddable":true,"href":"https:\/\/madeiraisland.news\/index.php?rest_route=%2Fwp%2Fv2%2Fcomments&post=1194674"}],"version-history":[{"count":1,"href":"https:\/\/madeiraisland.news\/index.php?rest_route=\/wp\/v2\/posts\/1194674\/revisions"}],"predecessor-version":[{"id":1194675,"href":"https:\/\/madeiraisland.news\/index.php?rest_route=\/wp\/v2\/posts\/1194674\/revisions\/1194675"}],"wp:attachment":[{"href":"https:\/\/madeiraisland.news\/index.php?rest_route=%2Fwp%2Fv2%2Fmedia&parent=1194674"}],"wp:term":[{"taxonomy":"category","embeddable":true,"href":"https:\/\/madeiraisland.news\/index.php?rest_route=%2Fwp%2Fv2%2Fcategories&post=1194674"},{"taxonomy":"post_tag","embeddable":true,"href":"https:\/\/madeiraisland.news\/index.php?rest_route=%2Fwp%2Fv2%2Ftags&post=1194674"}],"curies":[{"name":"wp","href":"https:\/\/api.w.org\/{rel}","templated":true}]}}