{"id":1194671,"date":"2026-04-28T16:58:00","date_gmt":"2026-04-28T16:58:00","guid":{"rendered":"https:\/\/madeiraisland.news\/?p=1194671"},"modified":"2026-04-28T17:00:05","modified_gmt":"2026-04-28T17:00:05","slug":"aumentos-de-precos-de-mao-de-obra-e-de-materiais-encarecem-reparacoes-automoveis","status":"publish","type":"post","link":"https:\/\/madeiraisland.news\/?p=1194671","title":{"rendered":"Aumentos de pre\u00e7os de m\u00e3o-de-obra e de materiais encarecem repara\u00e7\u00f5es autom\u00f3veis"},"content":{"rendered":"<p>Quase tr\u00eas em quatro empresas de repara\u00e7\u00e3o autom\u00f3vel tenciona aumentar o custo da m\u00e3o-de-obra este ano, em tr\u00eas euros, para 38,82 euros, segundo um inqu\u00e9rito do setor, que antecipa aumentos de pre\u00e7o nos materiais devido \u00e0 guerra.<br \/>\nOs dados constam do inqu\u00e9rito da Associa\u00e7\u00e3o Nacional das Empresas do Com\u00e9rcio e da Repara\u00e7\u00e3o Autom\u00f3vel (ANECRA) e contam com a resposta de 212 associados.<br \/>\nEm declara\u00e7\u00f5es \u00e0 Lusa, o secret\u00e1rio-geral da associa\u00e7\u00e3o, Roberto Gaspar, defendeu a necessidade de aumentar o pre\u00e7o<\/p>\n","protected":false},"excerpt":{"rendered":"<p>Quase tr\u00eas em quatro empresas de repara\u00e7\u00e3o autom\u00f3vel tenciona aumentar o custo da m\u00e3o-de-obra este ano, em tr\u00eas euros, para 38,82 euros, segundo um inqu\u00e9rito do setor, que antecipa aumentos de pre\u00e7o nos materiais devido<\/p>\n","protected":false},"author":5,"featured_media":0,"comment_status":"open","ping_status":"","sticky":false,"template":"","format":"standard","meta":{"footnotes":""},"categories":[19],"tags":[],"class_list":["post-1194671","post","type-post","status-publish","format-standard","hentry","category-madeira-island-news","infinite-scroll-item","masonry-post","generate-columns","tablet-grid-50","mobile-grid-100","grid-parent","grid-33"],"_links":{"self":[{"href":"https:\/\/madeiraisland.news\/index.php?rest_route=\/wp\/v2\/posts\/1194671","targetHints":{"allow":["GET"]}}],"collection":[{"href":"https:\/\/madeiraisland.news\/index.php?rest_route=\/wp\/v2\/posts"}],"about":[{"href":"https:\/\/madeiraisland.news\/index.php?rest_route=\/wp\/v2\/types\/post"}],"author":[{"embeddable":true,"href":"https:\/\/madeiraisland.news\/index.php?rest_route=\/wp\/v2\/users\/5"}],"replies":[{"embeddable":true,"href":"https:\/\/madeiraisland.news\/index.php?rest_route=%2Fwp%2Fv2%2Fcomments&post=1194671"}],"version-history":[{"count":2,"href":"https:\/\/madeiraisland.news\/index.php?rest_route=\/wp\/v2\/posts\/1194671\/revisions"}],"predecessor-version":[{"id":1194673,"href":"https:\/\/madeiraisland.news\/index.php?rest_route=\/wp\/v2\/posts\/1194671\/revisions\/1194673"}],"wp:attachment":[{"href":"https:\/\/madeiraisland.news\/index.php?rest_route=%2Fwp%2Fv2%2Fmedia&parent=1194671"}],"wp:term":[{"taxonomy":"category","embeddable":true,"href":"https:\/\/madeiraisland.news\/index.php?rest_route=%2Fwp%2Fv2%2Fcategories&post=1194671"},{"taxonomy":"post_tag","embeddable":true,"href":"https:\/\/madeiraisland.news\/index.php?rest_route=%2Fwp%2Fv2%2Ftags&post=1194671"}],"curies":[{"name":"wp","href":"https:\/\/api.w.org\/{rel}","templated":true}]}}