{"id":1194668,"date":"2026-04-28T16:31:53","date_gmt":"2026-04-28T16:31:53","guid":{"rendered":"https:\/\/madeiraisland.news\/?p=1194668"},"modified":"2026-04-28T16:41:02","modified_gmt":"2026-04-28T16:41:02","slug":"ptrr-vai-ter-montante-global-de-226-milhoes-de-euros-e-horizonte-de-nove-anos","status":"publish","type":"post","link":"https:\/\/madeiraisland.news\/?p=1194668","title":{"rendered":"PTRR vai ter montante global de 22,6 milh\u00f5es de euros e horizonte de nove anos"},"content":{"rendered":"<p>O programa &#8220;Portugal Transforma\u00e7\u00e3o, Recupera\u00e7\u00e3o e Resili\u00eancia&#8221; (PTRR) vai ter um envelope financeiro global de 22,6 mil milh\u00f5es de euros e um horizonte temporal de nove anos.<br \/>\nO montante global de 22,6 mil milh\u00f5es de euros est\u00e1 dividido entre fundos p\u00fablicos nacionais (37%), financiamento privado (34%) e fundos europeus (19%), de acordo com um documento s\u00edntese distribu\u00eddo na apresenta\u00e7\u00e3o que decorre no Pavilh\u00e3o de Portugal, em Lisboa.<br \/>\nO primeiro-ministro, Lu\u00eds Montenegro, indicou que o PTRR est\u00e1<\/p>\n","protected":false},"excerpt":{"rendered":"<p>O programa &#8220;Portugal Transforma\u00e7\u00e3o, Recupera\u00e7\u00e3o e Resili\u00eancia&#8221; (PTRR) vai ter um envelope financeiro global de 22,6 mil milh\u00f5es de euros e um horizonte temporal de nove anos. O montante global de 22,6 mil milh\u00f5es de<\/p>\n","protected":false},"author":5,"featured_media":0,"comment_status":"open","ping_status":"","sticky":false,"template":"","format":"standard","meta":{"footnotes":""},"categories":[19],"tags":[],"class_list":["post-1194668","post","type-post","status-publish","format-standard","hentry","category-madeira-island-news","infinite-scroll-item","masonry-post","generate-columns","tablet-grid-50","mobile-grid-100","grid-parent","grid-33"],"_links":{"self":[{"href":"https:\/\/madeiraisland.news\/index.php?rest_route=\/wp\/v2\/posts\/1194668","targetHints":{"allow":["GET"]}}],"collection":[{"href":"https:\/\/madeiraisland.news\/index.php?rest_route=\/wp\/v2\/posts"}],"about":[{"href":"https:\/\/madeiraisland.news\/index.php?rest_route=\/wp\/v2\/types\/post"}],"author":[{"embeddable":true,"href":"https:\/\/madeiraisland.news\/index.php?rest_route=\/wp\/v2\/users\/5"}],"replies":[{"embeddable":true,"href":"https:\/\/madeiraisland.news\/index.php?rest_route=%2Fwp%2Fv2%2Fcomments&post=1194668"}],"version-history":[{"count":2,"href":"https:\/\/madeiraisland.news\/index.php?rest_route=\/wp\/v2\/posts\/1194668\/revisions"}],"predecessor-version":[{"id":1194670,"href":"https:\/\/madeiraisland.news\/index.php?rest_route=\/wp\/v2\/posts\/1194668\/revisions\/1194670"}],"wp:attachment":[{"href":"https:\/\/madeiraisland.news\/index.php?rest_route=%2Fwp%2Fv2%2Fmedia&parent=1194668"}],"wp:term":[{"taxonomy":"category","embeddable":true,"href":"https:\/\/madeiraisland.news\/index.php?rest_route=%2Fwp%2Fv2%2Fcategories&post=1194668"},{"taxonomy":"post_tag","embeddable":true,"href":"https:\/\/madeiraisland.news\/index.php?rest_route=%2Fwp%2Fv2%2Ftags&post=1194668"}],"curies":[{"name":"wp","href":"https:\/\/api.w.org\/{rel}","templated":true}]}}