{"id":1194660,"date":"2026-04-28T15:33:05","date_gmt":"2026-04-28T15:33:05","guid":{"rendered":"https:\/\/madeiraisland.news\/?p=1194660"},"modified":"2026-04-28T15:49:20","modified_gmt":"2026-04-28T15:49:20","slug":"erc-notifica-tvi-para-se-pronunciar-sobre-queixas-relativas-a-cristina-ferreira","status":"publish","type":"post","link":"https:\/\/madeiraisland.news\/?p=1194660","title":{"rendered":"ERC notifica TVI para se pronunciar sobre queixas relativas a Cristina Ferreira"},"content":{"rendered":"<p>A Entidade Reguladora para a Comunica\u00e7\u00e3o Social (ERC) notificou a TVI para se pronunciar sobre o teor das participa\u00e7\u00f5es recebidas relativamente \u00e0s declara\u00e7\u00f5es da apresentadora Cristina Ferreira, disse hoje \u00e0 Lusa fonte oficial.<br \/>\nAt\u00e9 ao momento, o regulador dos media recebeu &#8220;4.400 participa\u00e7\u00f5es de cidad\u00e3os e de movimentos contra a TVI, a prop\u00f3sito de declara\u00e7\u00f5es proferidas pela apresentadora Cristina Ferreira, na edi\u00e7\u00e3o de 14 de abril de 2026 do programa &#8216;Dois \u00e0s 10&#8242;&#8221;.<br \/>\nEstas participa\u00e7\u00f5es, de aco<\/p>\n","protected":false},"excerpt":{"rendered":"<p>A Entidade Reguladora para a Comunica\u00e7\u00e3o Social (ERC) notificou a TVI para se pronunciar sobre o teor das participa\u00e7\u00f5es recebidas relativamente \u00e0s declara\u00e7\u00f5es da apresentadora Cristina Ferreira, disse hoje \u00e0 Lusa fonte oficial. At\u00e9 ao<\/p>\n","protected":false},"author":5,"featured_media":0,"comment_status":"open","ping_status":"","sticky":false,"template":"","format":"standard","meta":{"footnotes":""},"categories":[19],"tags":[],"class_list":["post-1194660","post","type-post","status-publish","format-standard","hentry","category-madeira-island-news","infinite-scroll-item","masonry-post","generate-columns","tablet-grid-50","mobile-grid-100","grid-parent","grid-33"],"_links":{"self":[{"href":"https:\/\/madeiraisland.news\/index.php?rest_route=\/wp\/v2\/posts\/1194660","targetHints":{"allow":["GET"]}}],"collection":[{"href":"https:\/\/madeiraisland.news\/index.php?rest_route=\/wp\/v2\/posts"}],"about":[{"href":"https:\/\/madeiraisland.news\/index.php?rest_route=\/wp\/v2\/types\/post"}],"author":[{"embeddable":true,"href":"https:\/\/madeiraisland.news\/index.php?rest_route=\/wp\/v2\/users\/5"}],"replies":[{"embeddable":true,"href":"https:\/\/madeiraisland.news\/index.php?rest_route=%2Fwp%2Fv2%2Fcomments&post=1194660"}],"version-history":[{"count":2,"href":"https:\/\/madeiraisland.news\/index.php?rest_route=\/wp\/v2\/posts\/1194660\/revisions"}],"predecessor-version":[{"id":1194662,"href":"https:\/\/madeiraisland.news\/index.php?rest_route=\/wp\/v2\/posts\/1194660\/revisions\/1194662"}],"wp:attachment":[{"href":"https:\/\/madeiraisland.news\/index.php?rest_route=%2Fwp%2Fv2%2Fmedia&parent=1194660"}],"wp:term":[{"taxonomy":"category","embeddable":true,"href":"https:\/\/madeiraisland.news\/index.php?rest_route=%2Fwp%2Fv2%2Fcategories&post=1194660"},{"taxonomy":"post_tag","embeddable":true,"href":"https:\/\/madeiraisland.news\/index.php?rest_route=%2Fwp%2Fv2%2Ftags&post=1194660"}],"curies":[{"name":"wp","href":"https:\/\/api.w.org\/{rel}","templated":true}]}}