{"id":1194656,"date":"2026-04-28T15:47:17","date_gmt":"2026-04-28T15:47:17","guid":{"rendered":"https:\/\/madeiraisland.news\/?p=1194656"},"modified":"2026-04-28T15:49:19","modified_gmt":"2026-04-28T15:49:19","slug":"cnf-promove-competicoes-de-vela-nos-dias-9-e-10-de-maio-na-baia-do-funchal","status":"publish","type":"post","link":"https:\/\/madeiraisland.news\/?p=1194656","title":{"rendered":"CNF promove competi\u00e7\u00f5es de vela nos dias 9 e 10 de Maio na ba\u00eda do Funchal"},"content":{"rendered":"<p>Nos pr\u00f3ximos dias\u00a09 e 10 de Maio, o Clube Naval do Funchal (CNF) realiza um intenso fim-de-semana desportivo, reunindo a frota regional na ba\u00eda da capital madeirense. Em disputa estar\u00e3o tr\u00eas competi\u00e7\u00f5es de relevo, que prometem encher o horizonte de velas e competitividade, diz a organiza\u00e7\u00e3o. O cartaz desportivo foca-se na converg\u00eancia de classes, desde [\u2026]<\/p>\n","protected":false},"excerpt":{"rendered":"<p>Nos pr\u00f3ximos dias\u00a09 e 10 de Maio, o Clube Naval do Funchal (CNF) realiza um intenso fim-de-semana desportivo, reunindo a &#8230; <\/p>\n<p class=\"read-more-container\"><a title=\"CNF promove competi\u00e7\u00f5es de vela nos dias 9 e 10 de Maio na ba\u00eda do Funchal\" class=\"read-more button\" href=\"https:\/\/madeiraisland.news\/?p=1194656#more-1194656\" aria-label=\"Read more about CNF promove competi\u00e7\u00f5es de vela nos dias 9 e 10 de Maio na ba\u00eda do Funchal\">Read more<\/a><\/p>\n","protected":false},"author":258,"featured_media":0,"comment_status":"open","ping_status":"","sticky":false,"template":"","format":"standard","meta":{"footnotes":""},"categories":[19],"tags":[],"class_list":["post-1194656","post","type-post","status-publish","format-standard","hentry","category-madeira-island-news","infinite-scroll-item","masonry-post","generate-columns","tablet-grid-50","mobile-grid-100","grid-parent","grid-33"],"_links":{"self":[{"href":"https:\/\/madeiraisland.news\/index.php?rest_route=\/wp\/v2\/posts\/1194656","targetHints":{"allow":["GET"]}}],"collection":[{"href":"https:\/\/madeiraisland.news\/index.php?rest_route=\/wp\/v2\/posts"}],"about":[{"href":"https:\/\/madeiraisland.news\/index.php?rest_route=\/wp\/v2\/types\/post"}],"author":[{"embeddable":true,"href":"https:\/\/madeiraisland.news\/index.php?rest_route=\/wp\/v2\/users\/258"}],"replies":[{"embeddable":true,"href":"https:\/\/madeiraisland.news\/index.php?rest_route=%2Fwp%2Fv2%2Fcomments&post=1194656"}],"version-history":[{"count":1,"href":"https:\/\/madeiraisland.news\/index.php?rest_route=\/wp\/v2\/posts\/1194656\/revisions"}],"predecessor-version":[{"id":1194657,"href":"https:\/\/madeiraisland.news\/index.php?rest_route=\/wp\/v2\/posts\/1194656\/revisions\/1194657"}],"wp:attachment":[{"href":"https:\/\/madeiraisland.news\/index.php?rest_route=%2Fwp%2Fv2%2Fmedia&parent=1194656"}],"wp:term":[{"taxonomy":"category","embeddable":true,"href":"https:\/\/madeiraisland.news\/index.php?rest_route=%2Fwp%2Fv2%2Fcategories&post=1194656"},{"taxonomy":"post_tag","embeddable":true,"href":"https:\/\/madeiraisland.news\/index.php?rest_route=%2Fwp%2Fv2%2Ftags&post=1194656"}],"curies":[{"name":"wp","href":"https:\/\/api.w.org\/{rel}","templated":true}]}}